{"id":40955,"date":"2022-05-09T08:28:05","date_gmt":"2022-05-09T13:28:05","guid":{"rendered":"http:\/\/www.zonaroja.com.mx\/?p=40955"},"modified":"2022-05-09T08:28:06","modified_gmt":"2022-05-09T13:28:06","slug":"rescatan-los-cuatro-cuerpos-de-ahogados-en-jalapa-del-marques","status":"publish","type":"post","link":"https:\/\/zonaroja.com.mx\/?p=40955","title":{"rendered":"Rescatan los cuatro cuerpos de ahogados en Jalapa del Marqu\u00e9s"},"content":{"rendered":"\n<p>Redacci\u00f3n\/Zona Roja.<\/p>\n\n\n\n<p>Oaxaca de Ju\u00e1rez, Oax. 9 de mayo de 2022.- Cerca de las 23:00 horas de ayer concluy\u00f3 el rescate de los cuatro cuerpos de personas ahogadas en la presa ubicada en Jalapa del Marqu\u00e9s, Oaxaca, confirm\u00f3 la Coordinaci\u00f3n Estatal de Protecci\u00f3n Civil.<\/p>\n\n\n\n<p>En un comunicado, el gobierno estatal inform\u00f3 que eran originarias de Jalapa del Marqu\u00e9s y con residencia en la Ciudad de M\u00e9xico, identificadas como Jos\u00e9 C. S. de 33 a\u00f1os de edad, Adri\u00e1n V. de 21 a\u00f1os, Francisco C. M. de nueve a\u00f1os de edad, e Itzel C. M. de seis a\u00f1os de edad.<\/p>\n\n\n\n<p>Protecci\u00f3n Civil, al activar sus protocolos, tuvo una r\u00e1pida respuesta por parte de la autoridad municipal de Protecci\u00f3n Civil de Jalapa del Marqu\u00e9s, Guardia Nacional, Secretar\u00eda de Marina, de la XII Regi\u00f3n Naval con sede en Salina Cruz con buzos especializados en b\u00fasqueda y rescate.<\/p>\n\n\n\n<p>De acuerdo con los hechos Jos\u00e9, Francisco e Itzel se metieron a nadar, pero al estarse ahogando, Adri\u00e1n ingres\u00f3 para prestar auxilio; sin embargo tambi\u00e9n desapareci\u00f3 del lugar, por lo cual se activaron los protocolos mencionados.<\/p>\n\n\n\n<p>Siendo las 18:00 se recuper\u00f3 el primer cuerpo, quien fue identificado como Adri\u00e1n; a las 19:45 horas se recuper\u00f3 el cuerpo de Jos\u00e9; a las 21:35 horas se localiz\u00f3 el cuerpo de Francisco; y a las 22:42 horas el de Itzel. De esta manera, la CEPCO y unidades de emergencia antes mencionados terminaron la b\u00fasqueda.<\/p>\n\n\n\n<p>En estas acciones tambi\u00e9n participaron elementos de distintas corporaciones de seguridad estatal y municipal, as\u00ed como habitantes de la localidad.<\/p>\n\n\n\n<p>La CEPCO lleva un monitoreo constante a trav\u00e9s de sus delegados regionales en la entidad, para mantener informada a la poblaci\u00f3n ante la presencia de eventos naturales, lugares no permitidos para el nado, as\u00ed como zonas peligrosas por sus caracter\u00edsticas naturales.&nbsp;<\/p>\n","protected":false},"excerpt":{"rendered":"<p>Redacci\u00f3n\/Zona Roja. Oaxaca de Ju\u00e1rez, Oax. 9 de mayo de 2022.- Cerca de las 23:00&hellip;<\/p>\n","protected":false},"author":2,"featured_media":40956,"comment_status":"closed","ping_status":"open","sticky":false,"template":"","format":"standard","meta":{"_lmt_disableupdate":"","_lmt_disable":"","_jetpack_memberships_contains_paid_content":false,"footnotes":""},"categories":[109,47],"tags":[1677],"class_list":["post-40955","post","type-post","status-publish","format-standard","has-post-thumbnail","hentry","category-minuto-a-minuto","category-zona-gris","tag-jalapa-del-marques"],"jetpack_featured_media_url":"https:\/\/zonaroja.com.mx\/wp-content\/uploads\/2022\/05\/Rescate-ahogados-Jalapa-del-Marques.jpg","jetpack_sharing_enabled":true,"_links":{"self":[{"href":"https:\/\/zonaroja.com.mx\/index.php?rest_route=\/wp\/v2\/posts\/40955","targetHints":{"allow":["GET"]}}],"collection":[{"href":"https:\/\/zonaroja.com.mx\/index.php?rest_route=\/wp\/v2\/posts"}],"about":[{"href":"https:\/\/zonaroja.com.mx\/index.php?rest_route=\/wp\/v2\/types\/post"}],"author":[{"embeddable":true,"href":"https:\/\/zonaroja.com.mx\/index.php?rest_route=\/wp\/v2\/users\/2"}],"replies":[{"embeddable":true,"href":"https:\/\/zonaroja.com.mx\/index.php?rest_route=%2Fwp%2Fv2%2Fcomments&post=40955"}],"version-history":[{"count":1,"href":"https:\/\/zonaroja.com.mx\/index.php?rest_route=\/wp\/v2\/posts\/40955\/revisions"}],"predecessor-version":[{"id":40957,"href":"https:\/\/zonaroja.com.mx\/index.php?rest_route=\/wp\/v2\/posts\/40955\/revisions\/40957"}],"wp:featuredmedia":[{"embeddable":true,"href":"https:\/\/zonaroja.com.mx\/index.php?rest_route=\/wp\/v2\/media\/40956"}],"wp:attachment":[{"href":"https:\/\/zonaroja.com.mx\/index.php?rest_route=%2Fwp%2Fv2%2Fmedia&parent=40955"}],"wp:term":[{"taxonomy":"category","embeddable":true,"href":"https:\/\/zonaroja.com.mx\/index.php?rest_route=%2Fwp%2Fv2%2Fcategories&post=40955"},{"taxonomy":"post_tag","embeddable":true,"href":"https:\/\/zonaroja.com.mx\/index.php?rest_route=%2Fwp%2Fv2%2Ftags&post=40955"}],"curies":[{"name":"wp","href":"https:\/\/api.w.org\/{rel}","templated":true}]}}