{"id":40958,"date":"2022-05-09T08:32:40","date_gmt":"2022-05-09T13:32:40","guid":{"rendered":"http:\/\/www.zonaroja.com.mx\/?p=40958"},"modified":"2022-05-09T08:32:41","modified_gmt":"2022-05-09T13:32:41","slug":"se-compromete-jara-a-impulsar-crecimiento-y-desarrollo-en-las-ocho-regiones","status":"publish","type":"post","link":"https:\/\/zonaroja.com.mx\/?p=40958","title":{"rendered":"Se compromete Jara a impulsar crecimiento y desarrollo en las ocho regiones"},"content":{"rendered":"\n<p>Redacci\u00f3n\/Zona Roja.<\/p>\n\n\n\n<p>Oaxaca de Ju\u00e1rez, Oax., 9 de mayo de 2022.- El futuro de nuestro estado se define en esta elecci\u00f3n, o continuamos con el atraso y la pobreza o nos unimos a la gran transformaci\u00f3n nacional, alcanzamos nuestro m\u00e1ximo potencial y nos convertimos en el epicentro del desarrollo del sur, para brindarle a nuestra gente la vida digna que se merece, se\u00f1al\u00f3 Salom\u00f3n Jara Cruz, abanderado de la Coalici\u00f3n \u201cJuntos Hacemos Historia en Oaxaca\u201d.<\/p>\n\n\n\n<p>Durante su encuentro con vecinas y vecinos de San Andr\u00e9s Teotil\u00e1lpam coment\u00f3 que, el pr\u00f3ximo 5 de junio, el pueblo oaxaque\u00f1o inaugurar\u00e1 un cap\u00edtulo estelar en la historia de nuestra entidad.&nbsp;<\/p>\n\n\n\n<p>\u201cOaxaca cuenta con una posici\u00f3n estrat\u00e9gica, con un capital humano invaluable y una riqueza natural \u00fanica, contamos con el cari\u00f1o y apoyo de \u201cya saben qui\u00e9n\u201d y ahora, con el voto del pueblo, tendremos un gobierno de la transformaci\u00f3n\u201d, a\u00f1adi\u00f3.<\/p>\n\n\n\n<p>Dijo que, entre las medidas para potenciar el crecimiento y desarrollo econ\u00f3mico en las ocho regiones del estado, se establecer\u00e1 un sistema de cr\u00e9ditos con intereses bajos, simples y amplios para agricultores, ganaderos y pescadores.<\/p>\n\n\n\n<p>\u201cTambi\u00e9n iniciaremos un programa para que todas las comunidades cuenten con apoyo humano, t\u00e9cnico, profesional y especializado, para el desarrollo de su producci\u00f3n agropecuaria\u201d, coment\u00f3.<\/p>\n\n\n\n<p>Indic\u00f3 que, para fomentar la inversi\u00f3n con reglas claras, seguridad jur\u00eddica y reducci\u00f3n y simplificaci\u00f3n de los tr\u00e1mites para inversionistas, los servidores p\u00fablicos que trabajar\u00e1n de la mano con el sector ser\u00e1n oaxaque\u00f1os, con historial intachable y con perfil t\u00e9cnico.<\/p>\n\n\n\n<p>\u201cPromoveremos que la mayor cantidad de tr\u00e1mites posibles se puedan realizar a distancia y a trav\u00e9s de dispositivos electr\u00f3nicos y que las ventanillas que contin\u00faan brindando atenci\u00f3n ciudadana y empresarial sean eficientes y transparentes\u201d, detall\u00f3.<\/p>\n\n\n\n<p>Jara Cruz plante\u00f3 que se promuevan las condiciones para que el desarrollo de la industria forestal se realice de manera responsable, sostenible y con una mirada puesta en el bienestar de los pueblos y comunidades.<\/p>\n\n\n\n<p>\u201cPotenciaremos a Oaxaca como un gran destino tur\u00edstico internacional y abriremos nuevos mercados para duplicar la cantidad de turistas, no s\u00f3lo para que lleguen a los polos tur\u00edsticos tradicionales sino para las ocho regiones, pues todas ellas tienen atractivos naturales\u201d, manifest\u00f3.<\/p>\n\n\n\n<p>Asimismo, continu\u00f3, fortaleceremos los proyectos estrat\u00e9gicos impulsados por el Gobierno de M\u00e9xico para que Oaxaca se convierta en el epicentro del nuevo modelo de desarrollo del sur del pa\u00eds.<\/p>\n\n\n\n<p>\u201cSomos el \u00fanico proyecto con la voluntad, la honestidad y la capacidad para sacar adelante a Oaxaca, tenemos historia para construir el futuro. Sonr\u00edan, ya viene la primavera oaxaque\u00f1a\u201d, concluy\u00f3 el aspirante a la gubernatura del estado por la Coalici\u00f3n \u201cJuntos Hacemos Historia\u201d, Salom\u00f3n Jara Cruz.<\/p>\n","protected":false},"excerpt":{"rendered":"<p>Redacci\u00f3n\/Zona Roja. Oaxaca de Ju\u00e1rez, Oax., 9 de mayo de 2022.- El futuro de nuestro&hellip;<\/p>\n","protected":false},"author":2,"featured_media":40959,"comment_status":"closed","ping_status":"open","sticky":false,"template":"","format":"standard","meta":{"_lmt_disableupdate":"","_lmt_disable":"","_jetpack_memberships_contains_paid_content":false,"footnotes":""},"categories":[109,46],"tags":[939],"class_list":["post-40958","post","type-post","status-publish","format-standard","has-post-thumbnail","hentry","category-minuto-a-minuto","category-zona-blanca","tag-salomon-jara-cruz"],"jetpack_featured_media_url":"https:\/\/zonaroja.com.mx\/wp-content\/uploads\/2022\/05\/Salomon-Jara-en-la-Cuenca-1.jpeg","jetpack_sharing_enabled":true,"_links":{"self":[{"href":"https:\/\/zonaroja.com.mx\/index.php?rest_route=\/wp\/v2\/posts\/40958","targetHints":{"allow":["GET"]}}],"collection":[{"href":"https:\/\/zonaroja.com.mx\/index.php?rest_route=\/wp\/v2\/posts"}],"about":[{"href":"https:\/\/zonaroja.com.mx\/index.php?rest_route=\/wp\/v2\/types\/post"}],"author":[{"embeddable":true,"href":"https:\/\/zonaroja.com.mx\/index.php?rest_route=\/wp\/v2\/users\/2"}],"replies":[{"embeddable":true,"href":"https:\/\/zonaroja.com.mx\/index.php?rest_route=%2Fwp%2Fv2%2Fcomments&post=40958"}],"version-history":[{"count":1,"href":"https:\/\/zonaroja.com.mx\/index.php?rest_route=\/wp\/v2\/posts\/40958\/revisions"}],"predecessor-version":[{"id":40960,"href":"https:\/\/zonaroja.com.mx\/index.php?rest_route=\/wp\/v2\/posts\/40958\/revisions\/40960"}],"wp:featuredmedia":[{"embeddable":true,"href":"https:\/\/zonaroja.com.mx\/index.php?rest_route=\/wp\/v2\/media\/40959"}],"wp:attachment":[{"href":"https:\/\/zonaroja.com.mx\/index.php?rest_route=%2Fwp%2Fv2%2Fmedia&parent=40958"}],"wp:term":[{"taxonomy":"category","embeddable":true,"href":"https:\/\/zonaroja.com.mx\/index.php?rest_route=%2Fwp%2Fv2%2Fcategories&post=40958"},{"taxonomy":"post_tag","embeddable":true,"href":"https:\/\/zonaroja.com.mx\/index.php?rest_route=%2Fwp%2Fv2%2Ftags&post=40958"}],"curies":[{"name":"wp","href":"https:\/\/api.w.org\/{rel}","templated":true}]}}