{"id":40963,"date":"2022-05-09T15:21:39","date_gmt":"2022-05-09T20:21:39","guid":{"rendered":"http:\/\/www.zonaroja.com.mx\/?p=40963"},"modified":"2022-05-09T15:21:45","modified_gmt":"2022-05-09T20:21:45","slug":"presenta-aviles-tarjeta-tripleta-para-jefas-de-familia-adultos-mayores-y-ninos","status":"publish","type":"post","link":"https:\/\/zonaroja.com.mx\/?p=40963","title":{"rendered":"Presenta Avil\u00e9s tarjeta \u201cTripleta\u201d para jefas de familia, adultos mayores y ni\u00f1os"},"content":{"rendered":"\n<p>Yuridiana Sosa\/Zona Roja.<\/p>\n\n\n\n<p>Oaxaca de Ju\u00e1rez, Oax., 9 de mayo de 2022.- La atenci\u00f3n y mejoras en las familias oaxaque\u00f1as es uno de los objetivos prioritarios en el gobierno que planea el candidato del PRI-PRD Alejandro Avil\u00e9s \u00c1lvarez, motivo por el que formul\u00f3 una serie de beneficios por medio de la tarjeta \u201cTripleta\u201d, y firm\u00f3 10 compromisos por la ni\u00f1ez con la asociaci\u00f3n World Vision M\u00e9xico.<\/p>\n\n\n\n<p>En su conferencia semanal, acompa\u00f1ado en esta ocasi\u00f3n por su esposa Mary Corona y representantes de la campa\u00f1a, el aspirante a gobernador detall\u00f3 sobre la entrega de recursos econ\u00f3micos y servicios para las familias oaxaque\u00f1as que implementar\u00e1 en su administraci\u00f3n de ganar la contienda electoral.<\/p>\n\n\n\n<p>Por medio de \u201cTripleta\u201d, las familias, pero principalmente las jefas de familia, tendr\u00e1n subsidios equivalentes al 30 por ciento del gasto de servicios en casa, como son energ\u00eda el\u00e9ctrica, gas e internet. Adem\u00e1s, un seguro de desempleo para las jefas de familia que perdieron su empleo, el cual aplicar\u00e1n por tres meses, as\u00ed como el gobierno las capacitar\u00e1 para encontrar un trabajo.<\/p>\n\n\n\n<p>Se suman apoyos como estancias infantiles, financiamiento para emprender negocios y si es de impacto social est\u00edmulos mayores; consultas m\u00e9dicas gratis y estudios por medio de m\u00e9dico en tu casa para detectar c\u00e1ncer de mama o cervicouterino, as\u00ed como en adultos mayores atenciones especiales.<\/p>\n\n\n\n<figure class=\"wp-block-embed is-type-rich is-provider-twitter wp-block-embed-twitter\"><div class=\"wp-block-embed__wrapper\">\n<div class=\"twitter-tweet\"><blockquote class=\"twitter-tweet\" data-lang=\"es\"><p lang=\"es\" dir=\"ltr\"><a href=\"https:\/\/twitter.com\/hashtag\/EleccionesOaxaca2022?src=hash&amp;ref_src=twsrc%5Etfw\">#EleccionesOaxaca2022<\/a><br>2. Ante el representante nacional de World Vision M\u00e9xico, <a href=\"https:\/\/twitter.com\/_AvilesAlvarez?ref_src=twsrc%5Etfw\">@_AvilesAlvarez<\/a> firm\u00f3 el pacto por la primera infancia, que consta de 10 puntos, para emprender acciones preventivas a favor de los menores de edad. <a href=\"https:\/\/t.co\/LyZny4cZKn\">pic.twitter.com\/LyZny4cZKn<\/a><\/p>&mdash; Zona Roja Oaxaca (@ZonaRoja_Oaxaca) <a href=\"https:\/\/twitter.com\/ZonaRoja_Oaxaca\/status\/1523701337984499713?ref_src=twsrc%5Etfw\">9 de mayo de 2022<\/a><\/blockquote><\/div>\n<\/div><\/figure>\n\n\n\n<p>La tarjeta incluye beneficios como tarifa preferencial de tres pesos en transporte urbano para adultos mayores y personas con discapacidad y becas para estudiantes<\/p>\n\n\n\n<p>\u201cS\u00ed sabemos trabajar para que a todas las familias les vaya bien\u201d, se\u00f1al\u00f3 el candidato, quien, adem\u00e1s, firm\u00f3 10 compromisos por la ni\u00f1ez con la asociaci\u00f3n World Vision M\u00e9xico.<\/p>\n\n\n\n<p>El representante de la ONG, Ismael Sol\u00eds Romero, atestigu\u00f3 la firma por la que el candidato del PRI-PRD se compromete a ejercer acciones de prevenci\u00f3n y atenci\u00f3n a la violencia contra las ni\u00f1as, ni\u00f1os y adolescentes de Oaxaca.<\/p>\n\n\n\n<p>Los compromisos son impulsar la prohibici\u00f3n de la violencia de la ni\u00f1ez; impulsar acciones para la prevenci\u00f3n de violencia contra la ni\u00f1ez; hacer efectivos los mecanismos de denuncia; fortalecer a las instancias de atenci\u00f3n de la violencia contra la ni\u00f1ez; asignar presupuesto suficiente para la atenci\u00f3n de ni\u00f1os en situaciones de violencia.<\/p>\n\n\n\n<p>Tambi\u00e9n, impulsar sistema de informaci\u00f3n de violencia contra ni\u00f1ez; impulsar la participaci\u00f3n de la ni\u00f1ez y adolescencia de Oaxaca; acciones para las sensibilizaci\u00f3n ante la violencia; que te tengan mecanismo de revisi\u00f3n de cuentas y trasparencia de las acciones para responder a la violencia y tomar decisiones respecto a la pandemia centrada en la ni\u00f1ez y adolescentes.\u00a0<\/p>\n\n\n\n<p><\/p>\n","protected":false},"excerpt":{"rendered":"<p>Yuridiana Sosa\/Zona Roja. Oaxaca de Ju\u00e1rez, Oax., 9 de mayo de 2022.- La atenci\u00f3n y&hellip;<\/p>\n","protected":false},"author":2,"featured_media":40964,"comment_status":"closed","ping_status":"open","sticky":false,"template":"","format":"standard","meta":{"_lmt_disableupdate":"","_lmt_disable":"","_jetpack_memberships_contains_paid_content":false,"footnotes":""},"categories":[109,46],"tags":[316,2879],"class_list":["post-40963","post","type-post","status-publish","format-standard","has-post-thumbnail","hentry","category-minuto-a-minuto","category-zona-blanca","tag-alejandro-aviles-alvarez","tag-elecciones-oaxaca-2022"],"jetpack_featured_media_url":"https:\/\/zonaroja.com.mx\/wp-content\/uploads\/2022\/05\/Alejandro-Aviles-conferencia-priera-infancia.jpeg","jetpack_sharing_enabled":true,"_links":{"self":[{"href":"https:\/\/zonaroja.com.mx\/index.php?rest_route=\/wp\/v2\/posts\/40963","targetHints":{"allow":["GET"]}}],"collection":[{"href":"https:\/\/zonaroja.com.mx\/index.php?rest_route=\/wp\/v2\/posts"}],"about":[{"href":"https:\/\/zonaroja.com.mx\/index.php?rest_route=\/wp\/v2\/types\/post"}],"author":[{"embeddable":true,"href":"https:\/\/zonaroja.com.mx\/index.php?rest_route=\/wp\/v2\/users\/2"}],"replies":[{"embeddable":true,"href":"https:\/\/zonaroja.com.mx\/index.php?rest_route=%2Fwp%2Fv2%2Fcomments&post=40963"}],"version-history":[{"count":1,"href":"https:\/\/zonaroja.com.mx\/index.php?rest_route=\/wp\/v2\/posts\/40963\/revisions"}],"predecessor-version":[{"id":40965,"href":"https:\/\/zonaroja.com.mx\/index.php?rest_route=\/wp\/v2\/posts\/40963\/revisions\/40965"}],"wp:featuredmedia":[{"embeddable":true,"href":"https:\/\/zonaroja.com.mx\/index.php?rest_route=\/wp\/v2\/media\/40964"}],"wp:attachment":[{"href":"https:\/\/zonaroja.com.mx\/index.php?rest_route=%2Fwp%2Fv2%2Fmedia&parent=40963"}],"wp:term":[{"taxonomy":"category","embeddable":true,"href":"https:\/\/zonaroja.com.mx\/index.php?rest_route=%2Fwp%2Fv2%2Fcategories&post=40963"},{"taxonomy":"post_tag","embeddable":true,"href":"https:\/\/zonaroja.com.mx\/index.php?rest_route=%2Fwp%2Fv2%2Ftags&post=40963"}],"curies":[{"name":"wp","href":"https:\/\/api.w.org\/{rel}","templated":true}]}}