{"id":40968,"date":"2022-05-09T18:38:29","date_gmt":"2022-05-09T23:38:29","guid":{"rendered":"http:\/\/www.zonaroja.com.mx\/?p=40968"},"modified":"2022-05-09T18:38:32","modified_gmt":"2022-05-09T23:38:32","slug":"asesinan-a-dos-periodistas-en-veracruz-suman-11-crimenes-este-ano-en-mexico","status":"publish","type":"post","link":"https:\/\/zonaroja.com.mx\/?p=40968","title":{"rendered":"Asesinan a dos periodistas en Veracruz; suman 11 cr\u00edmenes este a\u00f1o en M\u00e9xico"},"content":{"rendered":"\n<p>Redacci\u00f3n\/Zona Roja Cdmx<\/p>\n\n\n\n<p>Ciudad de M\u00e9xico, 9 de mayo de 2022.- Dos mujeres periodistas fueron asesinadas con disparos de arma de fuego en la cabeza, en el estado de Veracruz.<\/p>\n\n\n\n<p>El crimen en contra de las reporteras Yesenia Mollinedo Falconi y Sheila Johana Garc\u00eda Olvera, del medio informativo \u201cEl Veraz\u201d, se perpetr\u00f3 en el municipio de Cosoleacaque.<\/p>\n\n\n\n<p>Con estos casos, suman 11 cr\u00edmenes de comunicadores en la Rep\u00fablica Mexicana, durante este a\u00f1o 2022.<\/p>\n\n\n\n<p>La Fiscal\u00eda General del Estado de Veracruz inform\u00f3 en redes sociales que \u201cla trilog\u00eda investigadora, fiscales, peritos y polic\u00edas ministeriales, llevan a cabo las diligencias que permitan establecer las causas y dar con el o los responsables del mismo\u201d.<\/p>\n\n\n\n<p>Ver\u00f3nica Hern\u00e1ndez Giad\u00e1ns, fiscal general del estado de Veracruz, inform\u00f3 que no habr\u00e1 impunidad en el caso y que ser\u00e1n agotadas las v\u00edas de investigaci\u00f3n para esclarecer los hechos, incluyendo su actividad period\u00edstica.<\/p>\n\n\n\n<p>Por otra parte, la Comisi\u00f3n Estatal para la Atenci\u00f3n y Protecci\u00f3n de los Periodistas (CEAPP) asegur\u00f3 que ya se activaron los protocolos necesarios para investigar estos asesinatos.<\/p>\n\n\n\n<p>Apenas el pasado jueves 5 de mayo se confirm\u00f3 la muerte de Luis Enrique Ram\u00edrez Ramos, en Sinaloa, el noveno periodista asesinado en lo que va de 2022.&nbsp;<\/p>\n\n\n\n<p>(Con informaci\u00f3n de \u201cEl Financiero\u201d)<\/p>\n","protected":false},"excerpt":{"rendered":"<p>Redacci\u00f3n\/Zona Roja Cdmx Ciudad de M\u00e9xico, 9 de mayo de 2022.- Dos mujeres periodistas fueron&hellip;<\/p>\n","protected":false},"author":2,"featured_media":40969,"comment_status":"closed","ping_status":"open","sticky":false,"template":"","format":"standard","meta":{"_lmt_disableupdate":"","_lmt_disable":"","_jetpack_memberships_contains_paid_content":false,"footnotes":""},"categories":[109,51],"tags":[1016],"class_list":["post-40968","post","type-post","status-publish","format-standard","has-post-thumbnail","hentry","category-minuto-a-minuto","category-zona-roja","tag-asesinato-de-periodistas-en-mexico"],"jetpack_featured_media_url":"https:\/\/zonaroja.com.mx\/wp-content\/uploads\/2022\/05\/Mujeres-periodistas-asesinadas-en-Veracruz.jpg","jetpack_sharing_enabled":true,"_links":{"self":[{"href":"https:\/\/zonaroja.com.mx\/index.php?rest_route=\/wp\/v2\/posts\/40968","targetHints":{"allow":["GET"]}}],"collection":[{"href":"https:\/\/zonaroja.com.mx\/index.php?rest_route=\/wp\/v2\/posts"}],"about":[{"href":"https:\/\/zonaroja.com.mx\/index.php?rest_route=\/wp\/v2\/types\/post"}],"author":[{"embeddable":true,"href":"https:\/\/zonaroja.com.mx\/index.php?rest_route=\/wp\/v2\/users\/2"}],"replies":[{"embeddable":true,"href":"https:\/\/zonaroja.com.mx\/index.php?rest_route=%2Fwp%2Fv2%2Fcomments&post=40968"}],"version-history":[{"count":1,"href":"https:\/\/zonaroja.com.mx\/index.php?rest_route=\/wp\/v2\/posts\/40968\/revisions"}],"predecessor-version":[{"id":40970,"href":"https:\/\/zonaroja.com.mx\/index.php?rest_route=\/wp\/v2\/posts\/40968\/revisions\/40970"}],"wp:featuredmedia":[{"embeddable":true,"href":"https:\/\/zonaroja.com.mx\/index.php?rest_route=\/wp\/v2\/media\/40969"}],"wp:attachment":[{"href":"https:\/\/zonaroja.com.mx\/index.php?rest_route=%2Fwp%2Fv2%2Fmedia&parent=40968"}],"wp:term":[{"taxonomy":"category","embeddable":true,"href":"https:\/\/zonaroja.com.mx\/index.php?rest_route=%2Fwp%2Fv2%2Fcategories&post=40968"},{"taxonomy":"post_tag","embeddable":true,"href":"https:\/\/zonaroja.com.mx\/index.php?rest_route=%2Fwp%2Fv2%2Ftags&post=40968"}],"curies":[{"name":"wp","href":"https:\/\/api.w.org\/{rel}","templated":true}]}}