{"id":40971,"date":"2022-05-09T19:31:36","date_gmt":"2022-05-10T00:31:36","guid":{"rendered":"http:\/\/www.zonaroja.com.mx\/?p=40971"},"modified":"2022-05-09T19:31:40","modified_gmt":"2022-05-10T00:31:40","slug":"voto-duro-del-pri-dara-triunfo-a-aaa-unico-candidato-en-crecimiento-villacana","status":"publish","type":"post","link":"https:\/\/zonaroja.com.mx\/?p=40971","title":{"rendered":"Voto duro del PRI dar\u00e1 triunfo a AAA, \u00fanico candidato en crecimiento: Villaca\u00f1a"},"content":{"rendered":"\n<p>Yuridiana Sosa\/Zona Roja.<\/p>\n\n\n\n<p>Oaxaca de Ju\u00e1rez, Oax., 9 de mayo de 2022.- El presidente estatal del Partido Revolucionario Institucional (PRI), Javier Villaca\u00f1a Jim\u00e9nez, asever\u00f3 que el impacto que ha tenido la campa\u00f1a de Alejandro Avil\u00e9s \u00c1lvarez, candidato a gobernador de Oaxaca, lo mantiene en crecimiento entre las preferencias, lo que sumado al voto duro del partido, le dar\u00e1 el triunfo el 5 de junio.<\/p>\n\n\n\n<p>\u201cLos que dicen que son de la 4T ya fueron gobierno y lo hicieron mal\u201d, asever\u00f3 el l\u00edder del PRI, quien destac\u00f3 un derroche de recursos por parte de Morena en publicidad impresa para hacer creer a la gente que son la mejor opci\u00f3n.<\/p>\n\n\n\n<p>Contrario a Morena, el PRI realiza campa\u00f1as paralelas \u201csin candidato\u201d por parte de los representantes de la campa\u00f1a en todo el estado, as\u00ed como su militancia, lo cual ha fortalecido la presencia de Alejandro Avil\u00e9s \u00c1lvarez por medio de la difusi\u00f3n de propuestas.<\/p>\n\n\n\n<p>Eso ha permitido, dijo, que hasta ahora el postulante com\u00fan del PRI-PRD, sea el \u00fanico que tenga un crecimiento constante y exponencial en encuestas serias sobre la preferencia del voto, de hasta 10 puntos.<\/p>\n\n\n\n<p>\u201cCaballo que alcanza gana y vamos a ganar, pero, adem\u00e1s, me atrevo a decirlo, hay una gran estructura, algo que no tiene ning\u00fan otro partido\u201d, apunt\u00f3 Villaca\u00f1a Jim\u00e9nez en conferencia de prensa, donde apunt\u00f3 que la campa\u00f1a \u201csin candidato\u201d se reforzar\u00e1 en los \u00faltimos d\u00edas de este periodo.<\/p>\n\n\n\n<p>\u201cLa estructura del PRI, el voto duro, hace la diferencia\u201d, destac\u00f3.<\/p>\n\n\n\n<p>Es as\u00ed como en Oaxaca tiene una cobertura en 33 zonas, 100 sectores, 300 cuadrantes, tres mil responsables de secci\u00f3n y 30 mil activistas que en la recta final de la campa\u00f1a seguir\u00e1n trabajando para llegar a m\u00e1s de 900 mil personas, pues cada vez son m\u00e1s ciudadanos los que se suman a este proyecto.<\/p>\n\n\n\n<p>Para la elecci\u00f3n, el partido se prepara para cuidar el voto, por ello ya cuentan con la acreditaci\u00f3n de 900 representantes generales, 11 mil representantes de mesas directivas de casillas.&nbsp;<\/p>\n","protected":false},"excerpt":{"rendered":"<p>Yuridiana Sosa\/Zona Roja. Oaxaca de Ju\u00e1rez, Oax., 9 de mayo de 2022.- El presidente estatal&hellip;<\/p>\n","protected":false},"author":2,"featured_media":40070,"comment_status":"closed","ping_status":"open","sticky":false,"template":"","format":"standard","meta":{"_lmt_disableupdate":"","_lmt_disable":"","_jetpack_memberships_contains_paid_content":false,"footnotes":""},"categories":[109,46],"tags":[2456],"class_list":["post-40971","post","type-post","status-publish","format-standard","has-post-thumbnail","hentry","category-minuto-a-minuto","category-zona-blanca","tag-javier-villacana-jimenez"],"jetpack_featured_media_url":"https:\/\/zonaroja.com.mx\/wp-content\/uploads\/2022\/04\/Javier-Villacana-J.jpg","jetpack_sharing_enabled":true,"_links":{"self":[{"href":"https:\/\/zonaroja.com.mx\/index.php?rest_route=\/wp\/v2\/posts\/40971","targetHints":{"allow":["GET"]}}],"collection":[{"href":"https:\/\/zonaroja.com.mx\/index.php?rest_route=\/wp\/v2\/posts"}],"about":[{"href":"https:\/\/zonaroja.com.mx\/index.php?rest_route=\/wp\/v2\/types\/post"}],"author":[{"embeddable":true,"href":"https:\/\/zonaroja.com.mx\/index.php?rest_route=\/wp\/v2\/users\/2"}],"replies":[{"embeddable":true,"href":"https:\/\/zonaroja.com.mx\/index.php?rest_route=%2Fwp%2Fv2%2Fcomments&post=40971"}],"version-history":[{"count":1,"href":"https:\/\/zonaroja.com.mx\/index.php?rest_route=\/wp\/v2\/posts\/40971\/revisions"}],"predecessor-version":[{"id":40972,"href":"https:\/\/zonaroja.com.mx\/index.php?rest_route=\/wp\/v2\/posts\/40971\/revisions\/40972"}],"wp:featuredmedia":[{"embeddable":true,"href":"https:\/\/zonaroja.com.mx\/index.php?rest_route=\/wp\/v2\/media\/40070"}],"wp:attachment":[{"href":"https:\/\/zonaroja.com.mx\/index.php?rest_route=%2Fwp%2Fv2%2Fmedia&parent=40971"}],"wp:term":[{"taxonomy":"category","embeddable":true,"href":"https:\/\/zonaroja.com.mx\/index.php?rest_route=%2Fwp%2Fv2%2Fcategories&post=40971"},{"taxonomy":"post_tag","embeddable":true,"href":"https:\/\/zonaroja.com.mx\/index.php?rest_route=%2Fwp%2Fv2%2Ftags&post=40971"}],"curies":[{"name":"wp","href":"https:\/\/api.w.org\/{rel}","templated":true}]}}