{"id":40973,"date":"2022-05-09T21:20:27","date_gmt":"2022-05-10T02:20:27","guid":{"rendered":"http:\/\/www.zonaroja.com.mx\/?p=40973"},"modified":"2022-05-09T21:20:30","modified_gmt":"2022-05-10T02:20:30","slug":"rescata-fiscalia-a-tres-personas-secuestradas-en-tuxtepec-oaxaca","status":"publish","type":"post","link":"https:\/\/zonaroja.com.mx\/?p=40973","title":{"rendered":"Rescata Fiscal\u00eda a tres personas secuestradas en Tuxtepec, Oaxaca"},"content":{"rendered":"\n<p>Redacci\u00f3n\/Zona Roja.&nbsp;<\/p>\n\n\n\n<p>Oaxaca de Ju\u00e1rez, Oax., 9 de mayo de 2022.- La Fiscal\u00eda General del Estado de Oaxaca (FGEO), en estrecha colaboraci\u00f3n de inteligencia con la Coordinaci\u00f3n Nacional Antisecuestro (Conase), Secretar\u00eda de Marina (Semar) y la Guardia Nacional, logr\u00f3 rescatar con vida a tres personas (entre ellas una mujer) que hab\u00edan sido secuestradas, esto en jurisdicci\u00f3n de San Juan Bautista Tuxtepec, en la regi\u00f3n de la Cuenca.<\/p>\n\n\n\n<p>Labores de inteligencia de la FGEO en conjunto con la Conase y Semar detectaron que el pasado 8 de mayo del a\u00f1o en curso, personas armadas descendieron de dos camionetas con tres personas maniatadas y con las cabezas cubiertas, esto en unos terrenos de ca\u00f1a ubicados en la colonia El Rebolledo de San Juan Bautista Tuxtepec.<\/p>\n\n\n\n<p>De forma inmediata, la Vicefiscal\u00eda Regional de la Cuenca despleg\u00f3 a su personal multidisciplinario, consistente en elementos de la Agencia Estatal de Investigaciones (AEI), peritos y agentes del Ministerio P\u00fablico, quienes de manera conjunta con personal de la Conase, Semar y Guardia Nacional montaron un operativo de localizaci\u00f3n y rescate de las posibles v\u00edctimas.<\/p>\n\n\n\n<p>Aproximadamente a las 19:15 horas de la referida fecha, se localiz\u00f3 una casa en obra negra, ubicada en una brecha que conduce hacia la carretera Tuxtepec \u2013 Jalapa de D\u00edaz, en cuyo interior se encontraron a las personas, identificadas como S. H. R., (mujer) y los masculinos C. D. A. F. y S. J. A., cada una reportada como v\u00edctimas con Carpetas de Investigaci\u00f3n vigentes por el delito de desaparici\u00f3n cometida por particulares.<\/p>\n\n\n\n<p>Tras el rescate, las tres personas fueron presentadas ante el agente del Ministerio P\u00fablico de la Fiscal\u00eda Especializada en Delitos de Alto Impacto, adem\u00e1s de recibir asistencia integral y servicios subsecuentes proporcionados por la instituci\u00f3n de procuraci\u00f3n de justicia.<\/p>\n","protected":false},"excerpt":{"rendered":"<p>Redacci\u00f3n\/Zona Roja.&nbsp; Oaxaca de Ju\u00e1rez, Oax., 9 de mayo de 2022.- La Fiscal\u00eda General del&hellip;<\/p>\n","protected":false},"author":2,"featured_media":40301,"comment_status":"closed","ping_status":"open","sticky":false,"template":"","format":"standard","meta":{"_lmt_disableupdate":"","_lmt_disable":"","_jetpack_memberships_contains_paid_content":false,"footnotes":""},"categories":[109,46],"tags":[494],"class_list":["post-40973","post","type-post","status-publish","format-standard","has-post-thumbnail","hentry","category-minuto-a-minuto","category-zona-blanca","tag-fiscalia-general-del-estado-de-oaxaca"],"jetpack_featured_media_url":"https:\/\/zonaroja.com.mx\/wp-content\/uploads\/2022\/04\/secuestro-secuestrado.jpeg","jetpack_sharing_enabled":true,"_links":{"self":[{"href":"https:\/\/zonaroja.com.mx\/index.php?rest_route=\/wp\/v2\/posts\/40973","targetHints":{"allow":["GET"]}}],"collection":[{"href":"https:\/\/zonaroja.com.mx\/index.php?rest_route=\/wp\/v2\/posts"}],"about":[{"href":"https:\/\/zonaroja.com.mx\/index.php?rest_route=\/wp\/v2\/types\/post"}],"author":[{"embeddable":true,"href":"https:\/\/zonaroja.com.mx\/index.php?rest_route=\/wp\/v2\/users\/2"}],"replies":[{"embeddable":true,"href":"https:\/\/zonaroja.com.mx\/index.php?rest_route=%2Fwp%2Fv2%2Fcomments&post=40973"}],"version-history":[{"count":1,"href":"https:\/\/zonaroja.com.mx\/index.php?rest_route=\/wp\/v2\/posts\/40973\/revisions"}],"predecessor-version":[{"id":40974,"href":"https:\/\/zonaroja.com.mx\/index.php?rest_route=\/wp\/v2\/posts\/40973\/revisions\/40974"}],"wp:featuredmedia":[{"embeddable":true,"href":"https:\/\/zonaroja.com.mx\/index.php?rest_route=\/wp\/v2\/media\/40301"}],"wp:attachment":[{"href":"https:\/\/zonaroja.com.mx\/index.php?rest_route=%2Fwp%2Fv2%2Fmedia&parent=40973"}],"wp:term":[{"taxonomy":"category","embeddable":true,"href":"https:\/\/zonaroja.com.mx\/index.php?rest_route=%2Fwp%2Fv2%2Fcategories&post=40973"},{"taxonomy":"post_tag","embeddable":true,"href":"https:\/\/zonaroja.com.mx\/index.php?rest_route=%2Fwp%2Fv2%2Ftags&post=40973"}],"curies":[{"name":"wp","href":"https:\/\/api.w.org\/{rel}","templated":true}]}}