{"id":40978,"date":"2022-05-10T09:31:00","date_gmt":"2022-05-10T14:31:00","guid":{"rendered":"http:\/\/www.zonaroja.com.mx\/?p=40978"},"modified":"2022-05-10T07:58:25","modified_gmt":"2022-05-10T12:58:25","slug":"el-fotoperiodista-jorge-a-perez-presenta-exposicion-individual-en-la-cco","status":"publish","type":"post","link":"https:\/\/zonaroja.com.mx\/?p=40978","title":{"rendered":"El fotoperiodista Jorge A. P\u00e9rez presenta exposici\u00f3n individual en la CCO"},"content":{"rendered":"\n<p>Redacci\u00f3n\/Zona Roja.<\/p>\n\n\n\n<p>Oaxaca de Ju\u00e1rez, Oax. 10 de mayo de 2022.- El fotoperiodista y corresponsal del peri\u00f3dico \u201cLa Jornada\u201d, Jorge Arturo P\u00e9rez Alfonso, presenta para la Casa de la Cultura Oaxaque\u00f1a su exposici\u00f3n \u201cEl estado de cosas\u201d, que a lo largo de diez a\u00f1os documenta los hechos sociales y pol\u00edticos, la revelaci\u00f3n de las tradiciones, costumbres y expresiones culturales de Oaxaca.<\/p>\n\n\n\n<p>Con un texto de sala redactado por el periodista Juan Carlos Zavala, quien es reportero del peri\u00f3dico \u201cEl Universal\u201d Oaxaca, expresa que las im\u00e1genes de Jorge Arturo P\u00e9rez Alfonso \u201cfluyen como sistemas f\u00edsicos tomados al azar para abstraer la realidad y, pese a ello, no escapan a la est\u00e9tica disruptiva de los deseos del autor y de la unicidad de su condici\u00f3n\u201d.<\/p>\n\n\n\n<p>\u201cJorge Arturo P\u00e9rez Alfonso ofrece una mirada period\u00edstica de Oaxaca pero relevante en sus formas est\u00e9ticas. En donde el centro siempre es el hombre como especie, la humanidad que late y se manifiesta, inmerso en un entorno hostil la mayor de las veces y en el que brota su capacidad creadora y tambi\u00e9n, desde luego, su sufrimiento\u201d, se\u00f1ala Juan Carlos Zavala en el texto de sala.<\/p>\n\n\n\n<p>La exposici\u00f3n \u201cEl estado de cosas\u201d que ser\u00e1 exhibida para la Galer\u00eda \u201cAlfonso Rivas\u201d de la Casa de la Cultura Oaxaque\u00f1a se conforma de testimonios y memoria, es una forma de escribir con luz el pasado, una forma de desnudar la realidad, un tiempo detenido para reflexionar en el futuro.<\/p>\n\n\n\n<p>Jorge Arturo P\u00e9rez Alfonso naci\u00f3 en la Ciudad de M\u00e9xico, es periodista y fotoperiodista, ha tomado cursos de periodismo en el diario nacional \u201cLa Jornada\u201d, un taller en el Instituto de Artes Gr\u00e1ficas de Oaxaca (IAGO) sobre Zonas de Riesgo con John Moore y el cual fue organizado por la Expo Fotoperiodismo, as\u00ed como un curso impartido por el fotoperiodista Eniac Mart\u00ednez en el Centro de las Artes de San Agust\u00edn (CaSa) y ha impartido conferencias sobre esta profesi\u00f3n en diversas universidades.<\/p>\n\n\n\n<p>Su trabajo como periodista inici\u00f3 en la Corporaci\u00f3n Oaxaque\u00f1a de Radio y Televisi\u00f3n (CORTV) como reportero del \u00e1rea de Noticias y posteriormente fue asistente de Producci\u00f3n en el \u00e1rea de Deportes. En el a\u00f1o 2009 se integra al peri\u00f3dico \u201cDespertar\u201d como reportero y posteriormente en el sitio de noticias web \u201cOaxaca Ya\u201d.<\/p>\n\n\n\n<p>Es en el a\u00f1o 2010 que incursiona en la fotograf\u00eda period\u00edstica y colabora con el semanario \u201cIntolerancia\u201d y en el \u201cLibertador\u201d de Oaxaca; en ambos, trabaj\u00f3 exclusivamente como fot\u00f3grafo.<\/p>\n\n\n\n<p>En febrero de 2011 empez\u00f3 a colaborar como fot\u00f3grafo con el peri\u00f3dico \u201cLa Jornada\u201d, diario de circulaci\u00f3n nacional y, un a\u00f1o despu\u00e9s, es formalmente contratado por este mismo medio como periodista y realiza materiales de v\u00eddeo sobre hechos noticiosos. De mayo de 2011 hasta el a\u00f1o 2018 tambi\u00e9n trabaj\u00f3 en la agencia de fotograf\u00edas \u201cCuartoscuro\u00bb y desde hace 10 a\u00f1os trabaja en la agencia oaxaque\u00f1a Estaci\u00f3n Foto.<\/p>\n\n\n\n<p>El \u201cEstado de&nbsp; cosas\u201d, es la primera exposici\u00f3n individual de Jorge Arturo P\u00e9rez Alfonso en la Casa de la Cultura Oaxaque\u00f1a se inaugura este 13 de mayo, a las 18:00 horas y permanecer\u00e1 hasta el 6 de agosto del presente a\u00f1o.<\/p>\n","protected":false},"excerpt":{"rendered":"<p>Redacci\u00f3n\/Zona Roja. Oaxaca de Ju\u00e1rez, Oax. 10 de mayo de 2022.- El fotoperiodista y corresponsal&hellip;<\/p>\n","protected":false},"author":2,"featured_media":40979,"comment_status":"closed","ping_status":"open","sticky":false,"template":"","format":"standard","meta":{"_lmt_disableupdate":"","_lmt_disable":"","_jetpack_memberships_contains_paid_content":false,"footnotes":""},"categories":[109,46],"tags":[541],"class_list":["post-40978","post","type-post","status-publish","format-standard","has-post-thumbnail","hentry","category-minuto-a-minuto","category-zona-blanca","tag-casa-de-la-cultura-oaxaquena"],"jetpack_featured_media_url":"https:\/\/zonaroja.com.mx\/wp-content\/uploads\/2022\/05\/Exposicion-Jorge-Arturo-Perez.jpg","jetpack_sharing_enabled":true,"_links":{"self":[{"href":"https:\/\/zonaroja.com.mx\/index.php?rest_route=\/wp\/v2\/posts\/40978","targetHints":{"allow":["GET"]}}],"collection":[{"href":"https:\/\/zonaroja.com.mx\/index.php?rest_route=\/wp\/v2\/posts"}],"about":[{"href":"https:\/\/zonaroja.com.mx\/index.php?rest_route=\/wp\/v2\/types\/post"}],"author":[{"embeddable":true,"href":"https:\/\/zonaroja.com.mx\/index.php?rest_route=\/wp\/v2\/users\/2"}],"replies":[{"embeddable":true,"href":"https:\/\/zonaroja.com.mx\/index.php?rest_route=%2Fwp%2Fv2%2Fcomments&post=40978"}],"version-history":[{"count":3,"href":"https:\/\/zonaroja.com.mx\/index.php?rest_route=\/wp\/v2\/posts\/40978\/revisions"}],"predecessor-version":[{"id":40990,"href":"https:\/\/zonaroja.com.mx\/index.php?rest_route=\/wp\/v2\/posts\/40978\/revisions\/40990"}],"wp:featuredmedia":[{"embeddable":true,"href":"https:\/\/zonaroja.com.mx\/index.php?rest_route=\/wp\/v2\/media\/40979"}],"wp:attachment":[{"href":"https:\/\/zonaroja.com.mx\/index.php?rest_route=%2Fwp%2Fv2%2Fmedia&parent=40978"}],"wp:term":[{"taxonomy":"category","embeddable":true,"href":"https:\/\/zonaroja.com.mx\/index.php?rest_route=%2Fwp%2Fv2%2Fcategories&post=40978"},{"taxonomy":"post_tag","embeddable":true,"href":"https:\/\/zonaroja.com.mx\/index.php?rest_route=%2Fwp%2Fv2%2Ftags&post=40978"}],"curies":[{"name":"wp","href":"https:\/\/api.w.org\/{rel}","templated":true}]}}