{"id":40984,"date":"2022-05-10T07:54:50","date_gmt":"2022-05-10T12:54:50","guid":{"rendered":"http:\/\/www.zonaroja.com.mx\/?p=40984"},"modified":"2022-05-10T07:54:52","modified_gmt":"2022-05-10T12:54:52","slug":"reconocen-en-santa-lucia-del-camino-a-madres-trabajadoras-del-ayuntamiento","status":"publish","type":"post","link":"https:\/\/zonaroja.com.mx\/?p=40984","title":{"rendered":"Reconocen en Santa Luc\u00eda del Camino a madres trabajadoras del ayuntamiento"},"content":{"rendered":"\n<p>Redacci\u00f3n\/Zona Roja.<\/p>\n\n\n\n<p>Oaxaca de Ju\u00e1rez, Oax., 10 de mayo de 2022.- En un ambiente de sana convivencia y regalos, el presidente municipal de Santa Luc\u00eda del Camino, Juan Carlos Garc\u00eda M\u00e1rquez, celebr\u00f3 a las mujeres que trabajan dentro del&nbsp; ayuntamiento, con motivo del D\u00eda de las Madres.<\/p>\n\n\n\n<p>Con un desayuno y acompa\u00f1ado de su esposa, Bety Santos, el edil de Santa Luc\u00eda se\u00f1al\u00f3 que \u201cdiariamente se debe cuidar, respetar y celebrar a la mujer y m\u00e1s a las mam\u00e1s\u201d, ya que, adem\u00e1s de cumplir con su trabajo profesional, se dedican a forjar mujeres y hombres de bien, para tener un mejor futuro en el municipio.<\/p>\n\n\n\n<p>Por su parte, la presidenta honoraria del DIF Municipal de Santa Luc\u00eda del Camino, Bety Santos, se\u00f1al\u00f3 que ser mam\u00e1 es un trabajo de 365 d\u00edas, por lo que se debe reconocerles su labor como se merecen, \u201cpero que en todo el a\u00f1o son enfermeras, polic\u00edas trabajadoras y por supuesto no dejan a un lado la crianza y educaci\u00f3n de los hijos\u201d.<\/p>\n\n\n\n<p>Dentro de esta celebraci\u00f3n, las festejadas pudieron participar en una rifa de regalos, mismos que las afortunadas se llevaron a casa muy contentas, sabiendo que podr\u00e1n compartirlos con sus familias, que son su principal motor para cumplir con su trabajo dentro del Ayuntamiento.<\/p>\n\n\n\n<p>Por otra parte, hoy por la tarde, a partir de las 16:00 horas, en la explanada municipal se efectuar\u00e1 un festejo general para las madres que habitan en la municipalidad.<\/p>\n\n\n\n<figure class=\"wp-block-embed is-type-rich is-provider-twitter wp-block-embed-twitter\"><div class=\"wp-block-embed__wrapper\">\n<div class=\"twitter-tweet\"><blockquote class=\"twitter-tweet\" data-lang=\"es\"><p lang=\"es\" dir=\"ltr\">En el marco del D\u00eda de la Madre, el edil de <a href=\"https:\/\/twitter.com\/SantaLucia_Ayto?ref_src=twsrc%5Etfw\">@SantaLucia_Ayto<\/a>, <a href=\"https:\/\/twitter.com\/JC_GMarquez?ref_src=twsrc%5Etfw\">@JC_GMarquez<\/a>, acompa\u00f1ado de su esposa Bety Santos, celebr\u00f3 a las madres de familia trabajadoras del ayuntamiento. <br>A las 16:00 horas de hoy habr\u00e1 un festejo para las madres del municipio. <a href=\"https:\/\/t.co\/XEiWcXBUi8\">pic.twitter.com\/XEiWcXBUi8<\/a><\/p>&mdash; Zona Roja Oaxaca (@ZonaRoja_Oaxaca) <a href=\"https:\/\/twitter.com\/ZonaRoja_Oaxaca\/status\/1524004498720673792?ref_src=twsrc%5Etfw\">10 de mayo de 2022<\/a><\/blockquote><\/div>\n<\/div><\/figure>\n","protected":false},"excerpt":{"rendered":"<p>Redacci\u00f3n\/Zona Roja. Oaxaca de Ju\u00e1rez, Oax., 10 de mayo de 2022.- En un ambiente de&hellip;<\/p>\n","protected":false},"author":2,"featured_media":40985,"comment_status":"closed","ping_status":"open","sticky":false,"template":"","format":"standard","meta":{"_lmt_disableupdate":"","_lmt_disable":"","_jetpack_memberships_contains_paid_content":false,"footnotes":""},"categories":[109,46],"tags":[2533],"class_list":["post-40984","post","type-post","status-publish","format-standard","has-post-thumbnail","hentry","category-minuto-a-minuto","category-zona-blanca","tag-juan-carlos-garcia-marquez"],"jetpack_featured_media_url":"https:\/\/zonaroja.com.mx\/wp-content\/uploads\/2022\/05\/Festejo-Santa-Lucia-del-Camino.jpg","jetpack_sharing_enabled":true,"_links":{"self":[{"href":"https:\/\/zonaroja.com.mx\/index.php?rest_route=\/wp\/v2\/posts\/40984","targetHints":{"allow":["GET"]}}],"collection":[{"href":"https:\/\/zonaroja.com.mx\/index.php?rest_route=\/wp\/v2\/posts"}],"about":[{"href":"https:\/\/zonaroja.com.mx\/index.php?rest_route=\/wp\/v2\/types\/post"}],"author":[{"embeddable":true,"href":"https:\/\/zonaroja.com.mx\/index.php?rest_route=\/wp\/v2\/users\/2"}],"replies":[{"embeddable":true,"href":"https:\/\/zonaroja.com.mx\/index.php?rest_route=%2Fwp%2Fv2%2Fcomments&post=40984"}],"version-history":[{"count":1,"href":"https:\/\/zonaroja.com.mx\/index.php?rest_route=\/wp\/v2\/posts\/40984\/revisions"}],"predecessor-version":[{"id":40986,"href":"https:\/\/zonaroja.com.mx\/index.php?rest_route=\/wp\/v2\/posts\/40984\/revisions\/40986"}],"wp:featuredmedia":[{"embeddable":true,"href":"https:\/\/zonaroja.com.mx\/index.php?rest_route=\/wp\/v2\/media\/40985"}],"wp:attachment":[{"href":"https:\/\/zonaroja.com.mx\/index.php?rest_route=%2Fwp%2Fv2%2Fmedia&parent=40984"}],"wp:term":[{"taxonomy":"category","embeddable":true,"href":"https:\/\/zonaroja.com.mx\/index.php?rest_route=%2Fwp%2Fv2%2Fcategories&post=40984"},{"taxonomy":"post_tag","embeddable":true,"href":"https:\/\/zonaroja.com.mx\/index.php?rest_route=%2Fwp%2Fv2%2Ftags&post=40984"}],"curies":[{"name":"wp","href":"https:\/\/api.w.org\/{rel}","templated":true}]}}