{"id":40987,"date":"2022-05-10T07:57:47","date_gmt":"2022-05-10T12:57:47","guid":{"rendered":"http:\/\/www.zonaroja.com.mx\/?p=40987"},"modified":"2022-05-10T07:57:50","modified_gmt":"2022-05-10T12:57:50","slug":"presentan-el-poder-judicial-y-el-inpi-libro-sobre-aplicacion-de-la-justicia-indigena","status":"publish","type":"post","link":"https:\/\/zonaroja.com.mx\/?p=40987","title":{"rendered":"Presentan el poder Judicial y el INPI libro sobre&nbsp;aplicaci\u00f3n de la justicia ind\u00edgena"},"content":{"rendered":"\n<p>Redacci\u00f3n\/Zona Roja.<\/p>\n\n\n\n<p>Oaxaca de Ju\u00e1rez, Oax., 10 de mayo de 2022.- Al&nbsp;se\u00f1alar que&nbsp;el Poder Judicial del Estado&nbsp;avanza en una agenda de trabajo que busca que la salvaguarda de los derechos humanos sea verdaderamente el centro de su labor jurisdiccional,&nbsp;el magistrado presidente, Eduardo Pinacho S\u00e1nchez&nbsp;anunci\u00f3 que&nbsp;est\u00e1 en marcha la conformaci\u00f3n del Centro de Informaci\u00f3n de Justicia Ind\u00edgena&nbsp;(CIJI); el cual reforzar\u00e1 los trabajos de la Sala de Justicia Ind\u00edgena del Tribunal Superior de Justicia del Estado.&nbsp;<\/p>\n\n\n\n<p>Mencion\u00f3 que este&nbsp;Centro cumplir\u00e1 con dos prop\u00f3sitos: el primero brindar informaci\u00f3n pertinente y sistematizada a los operadores jurisdiccionales para que la valoraci\u00f3n de asuntos y toma de decisiones tenga referentes basados en las realidades &nbsp;concretas de &nbsp;los pueblos y comunidades ind\u00edgenas&nbsp;y segundo, visibilizar la diversidad jur\u00eddica existente en las ocho regiones del estado.<\/p>\n\n\n\n<p>En su intervenci\u00f3n en el marco de la presentaci\u00f3n&nbsp;del libro \u201cJurisdicci\u00f3n Ind\u00edgena, entre la Asamblea y la Corte:&nbsp;Caso San Crist\u00f3bal&nbsp;Suchixtlahuaca, Oaxaca\u201d, una valiosa aportaci\u00f3n a los derechos ind\u00edgenas y el pluralismo jur\u00eddico,&nbsp;se\u00f1al\u00f3 que la nueva obra&nbsp;&nbsp;contiene las notas caracter\u00edsticas del nuevo sistema de justicia que&nbsp;se est\u00e1&nbsp;construyendo en Oaxaca&nbsp;y revela la existencia de un Poder&nbsp;Judicial m\u00e1s vers\u00e1til y adaptable que promueve y defiende en primer lugar el ejercicio de los derechos de los pueblos ind\u00edgenas.<\/p>\n\n\n\n<p>Por su parte, al presentar el libro,&nbsp;la ministra&nbsp;Norma Luc\u00eda Pi\u00f1a Hern\u00e1ndez,&nbsp;integrante de la Primera Sala de la &nbsp;Suprema Corte de Justicia de la Naci\u00f3n (SCJN)&nbsp;\u2013quien se enlaz\u00f3 por videoconferencia-&nbsp;y&nbsp;el Magistrado Rub\u00e9n Paulo Ruiz P\u00e9rez, visitador Judicial \u201cA\u201d del Consejo de la Judicatura Federal&nbsp;coincidieron en que la obra, en un estado plural como el nuestro, contribuye a enriquecer el sistema jur\u00eddico y a legitimar las formas de organizaci\u00f3n social.&nbsp;<\/p>\n\n\n\n<p>El&nbsp;Caso San Crist\u00f3bal&nbsp;Suchixtlahuaca&nbsp;se considera&nbsp;un hecho hist\u00f3rico en el sistema judicial del pa\u00eds, donde la Primera Sala de la Suprema Corte de Justicia de la Naci\u00f3n (SCJN) aval\u00f3 la validez de la sentencia emitida por la Sala de Justicia Ind\u00edgena la cual concluy\u00f3 que la autoridad comunitaria ejerci\u00f3 su libre determinaci\u00f3n y autonom\u00eda, sin violentar los l\u00edmites establecidos en nuestra Carta Magna.<\/p>\n\n\n\n<p>La obra fue&nbsp;editada&nbsp;por el Poder Judicial del Estado en coordinaci\u00f3n con el Instituto Nacional de los Pueblos Ind\u00edgenas (INPI) y el Programa Pluralismo Jur\u00eddico y Eficacia de Derechos del Centro de Investigaciones y Estudios Superiores en Antropolog\u00eda Social (Plural-Ciesas).<\/p>\n","protected":false},"excerpt":{"rendered":"<p>Redacci\u00f3n\/Zona Roja. Oaxaca de Ju\u00e1rez, Oax., 10 de mayo de 2022.- Al&nbsp;se\u00f1alar que&nbsp;el Poder Judicial&hellip;<\/p>\n","protected":false},"author":2,"featured_media":40988,"comment_status":"closed","ping_status":"open","sticky":false,"template":"","format":"standard","meta":{"_lmt_disableupdate":"","_lmt_disable":"","_jetpack_memberships_contains_paid_content":false,"footnotes":""},"categories":[109,46],"tags":[223],"class_list":["post-40987","post","type-post","status-publish","format-standard","has-post-thumbnail","hentry","category-minuto-a-minuto","category-zona-blanca","tag-poder-judicial-de-oaxaca"],"jetpack_featured_media_url":"https:\/\/zonaroja.com.mx\/wp-content\/uploads\/2022\/05\/Poder-Judicial-INPI-libro.jpg","jetpack_sharing_enabled":true,"_links":{"self":[{"href":"https:\/\/zonaroja.com.mx\/index.php?rest_route=\/wp\/v2\/posts\/40987","targetHints":{"allow":["GET"]}}],"collection":[{"href":"https:\/\/zonaroja.com.mx\/index.php?rest_route=\/wp\/v2\/posts"}],"about":[{"href":"https:\/\/zonaroja.com.mx\/index.php?rest_route=\/wp\/v2\/types\/post"}],"author":[{"embeddable":true,"href":"https:\/\/zonaroja.com.mx\/index.php?rest_route=\/wp\/v2\/users\/2"}],"replies":[{"embeddable":true,"href":"https:\/\/zonaroja.com.mx\/index.php?rest_route=%2Fwp%2Fv2%2Fcomments&post=40987"}],"version-history":[{"count":1,"href":"https:\/\/zonaroja.com.mx\/index.php?rest_route=\/wp\/v2\/posts\/40987\/revisions"}],"predecessor-version":[{"id":40989,"href":"https:\/\/zonaroja.com.mx\/index.php?rest_route=\/wp\/v2\/posts\/40987\/revisions\/40989"}],"wp:featuredmedia":[{"embeddable":true,"href":"https:\/\/zonaroja.com.mx\/index.php?rest_route=\/wp\/v2\/media\/40988"}],"wp:attachment":[{"href":"https:\/\/zonaroja.com.mx\/index.php?rest_route=%2Fwp%2Fv2%2Fmedia&parent=40987"}],"wp:term":[{"taxonomy":"category","embeddable":true,"href":"https:\/\/zonaroja.com.mx\/index.php?rest_route=%2Fwp%2Fv2%2Fcategories&post=40987"},{"taxonomy":"post_tag","embeddable":true,"href":"https:\/\/zonaroja.com.mx\/index.php?rest_route=%2Fwp%2Fv2%2Ftags&post=40987"}],"curies":[{"name":"wp","href":"https:\/\/api.w.org\/{rel}","templated":true}]}}