{"id":40991,"date":"2022-05-10T11:58:00","date_gmt":"2022-05-10T16:58:00","guid":{"rendered":"http:\/\/www.zonaroja.com.mx\/?p=40991"},"modified":"2022-05-10T16:03:19","modified_gmt":"2022-05-10T21:03:19","slug":"opinion-contrapeso-del-poder","status":"publish","type":"post","link":"https:\/\/zonaroja.com.mx\/?p=40991","title":{"rendered":"Opini\u00f3n. Contrapeso del poder"},"content":{"rendered":"\n<p>N\u00e9stor Y. S\u00e1nchez Islas<\/p>\n\n\n\n<p>Es lo que incomoda a los poderosos. Y m\u00e1s en un pa\u00eds en el que reina una impunidad&nbsp;mayor al 95% de los cr\u00edmenes. Pueden librarse de ser llevados al banquillo judicial, pero no&nbsp;podr\u00e1n&nbsp;evitar ser&nbsp;sentados en la tribuna&nbsp;medi\u00e1tica&nbsp;porque esa es una&nbsp;de las funciones de la prensa: publicar lo que el poderoso quiere ocultar.<\/p>\n\n\n\n<p>El modo imperial en que vuelve a ejercerse la presidencia&nbsp;permea&nbsp;no solo a instancias&nbsp;inferiores&nbsp;del poder, sino que marca una&nbsp;pauta de&nbsp;conducta que exige sumisi\u00f3n ante&nbsp;cualquier poder, ya sea pol\u00edtico, administrativo o&nbsp;mafioso. \u00c9l ha querido convertirse en un referente, y lo est\u00e1 logrando, pero en el sentido negativo.&nbsp;Los nueve periodistas asesinados en lo que llevamos de este a\u00f1o son una consecuencia de&nbsp;la descalificaci\u00f3n permanente del&nbsp;oficio period\u00edstico&nbsp;y de la impunidad&nbsp;de&nbsp;la&nbsp;que gozan los criminales.<\/p>\n\n\n\n<p>La gente en la calle ve con desprecio a los reporteros,&nbsp;como si fueran portadores de alguna enfermedad contagiosa.&nbsp;Se ponen a la defensiva ante su presencia,&nbsp;los invitan a retirarse o se niegan a atenderlos.&nbsp;La narrativa desde el poder ha convertido a&nbsp;los&nbsp;periodistas en&nbsp;los&nbsp;malos&nbsp;de&nbsp;la&nbsp;historia, en el mensajero&nbsp;que estorba y al que hay que eliminar&nbsp;para ocultar la verdad.Cualquier&nbsp;vecino&nbsp;se siente con autoridad&nbsp;moral&nbsp;para insultarlos&nbsp;por el solo hecho de serlo. A este&nbsp;exceso hemos llegado.<\/p>\n\n\n\n<p>Envilecer las&nbsp;voces cr\u00edticas y consentir a los aduladores es la estrategia de siempre.&nbsp;Descalificar, calumniar, mandar golpear, abrir carpetas de investigaci\u00f3n&nbsp;y, en ocasiones, ordenar su asesinato&nbsp;es&nbsp;lo de hoy.<\/p>\n\n\n\n<p>Nunca como en este gobierno,&nbsp;que se auto califica de izquierda,&nbsp;se ha denostado tanto a los medios&nbsp;y los periodistas. Tiene una necesidad patol\u00f3gica de hablar mal de alguien, de tener un culpable&nbsp;para sus propios fracasos, de criminalizar&nbsp;a quienes cumplen con una muy importante funci\u00f3n social. As\u00ed es, la prensa ejerce un rol trascedente&nbsp;en la vida&nbsp;democr\u00e1tica&nbsp;de cualquier pa\u00eds; en las dictaduras no.<\/p>\n\n\n\n<p>Por principio, la prensa es la voz de los que no tienen, por ello sus espacios est\u00e1n llenos de historias desgarradoras que, de no publicarse,&nbsp;nos&nbsp;negar\u00edamos a un&nbsp;panorama completo de la realidad.&nbsp;El mundo no es color rosa, y la prensa nos lo hace ver todos los d\u00edas. Hay que aprender a vivir en el mundo de lo qu\u00e9&nbsp;es y no de lo que deber\u00eda&nbsp;ser&nbsp;porque ese&nbsp;mundo&nbsp;solo&nbsp;existe&nbsp;en nuestra&nbsp;imaginaci\u00f3n.<\/p>\n\n\n\n<p>La libertad de expresi\u00f3n y el periodismo van de la mano&nbsp;de manera indisoluble&nbsp;porque el ejercicio period\u00edstico ejerce su&nbsp;funci\u00f3n&nbsp;sobre&nbsp;ese derecho humano y constitucional. La profesi\u00f3n de periodista es tan importante y digna como cualquiera otra, a pesar de lo que los pol\u00edticos y mafiosos insistan&nbsp;en descalificarla.&nbsp;Tan importante es el periodismo que&nbsp;\u00e9ste es la manifestaci\u00f3n primaria de la libertad de expresi\u00f3n. Nada m\u00e1s, pero nada menos.&nbsp;Por eso&nbsp;agravia tanto a la sociedad las agresiones&nbsp;en su contra.<\/p>\n\n\n\n<p>Un pa\u00eds sin medios no&nbsp;es posible. \u00bfC\u00f3mo nos enteramos de la corrupci\u00f3n de los hermanos y los hijos del presidente, o la falta de obras&nbsp;y resultados&nbsp;del gobierno estatal o el despilfarro en festivales del ayuntamiento capitalino?&nbsp;Sin informaci\u00f3n ninguna sociedad puede desenvolverse.<\/p>\n\n\n\n<p>Si el Estado quiere sancionar algo&nbsp;por dar a conocer informaci\u00f3n inc\u00f3moda, lo \u00fanico que&nbsp;deber\u00eda&nbsp;hacer es sancionar las&nbsp;faltas&nbsp;\u00e9ticas de los periodistas, s\u00ed las hay, pero no por medio de la violencia f\u00edsica o el asesinato&nbsp;a trav\u00e9s de terceros.&nbsp;En todo caso, la obligaci\u00f3n del Estado es protegerlos.<\/p>\n\n\n\n<p>De forma equivocada&nbsp;los pol\u00edticos&nbsp;piensan que las redes sociales est\u00e1n sustituyendo a los medios y a los periodistas. Aplican un razonamiento simplista que dice que todo aquel que tenga un celular y una cuenta en redes&nbsp;sociales se convierte en un reportero.<\/p>\n\n\n\n<p>No es as\u00ed por varias razones, entre ellas, que el periodista conoce&nbsp;los&nbsp;contextos en que se produce la informaci\u00f3n&nbsp;y puede tener una visi\u00f3n&nbsp;y&nbsp;explicaci\u00f3n&nbsp;m\u00e1s amplia.&nbsp;Ese contexto, que es una especie de investigaci\u00f3n etnogr\u00e1fica permanente de su entorno,&nbsp;tambi\u00e9n ayuda a interpretar y dar una significaci\u00f3n cuando es necesaria.<\/p>\n\n\n\n<p>Ser un contrapeso del poder&nbsp;es la funci\u00f3n de los periodistas, y eso&nbsp;les&nbsp;ha costado la vida a muchos.<\/p>\n\n\n\n<p>YAXE<\/p>\n\n\n\n<p>Un viaje al pasado,&nbsp;una experiencia&nbsp;cercana&nbsp;con el Plan de Ayala de Emiliano Zapata en un peque\u00f1o pueblo que apenas y aparece en los mapas.<\/p>\n\n\n\n<p>Fui invitado a la fiesta c\u00edvica del 1 de mayo. No celebran el&nbsp;D\u00eda del&nbsp;Trabajo, conmemoran&nbsp;que,&nbsp;en ese&nbsp;d\u00eda,&nbsp;pero de 1942, les fue otorgado el t\u00edtulo agrario de ejido y, posteriormente, el de municipio libre.<\/p>\n\n\n\n<p>Escuchar las historias de estos&nbsp;viejos&nbsp;campesinos es como escuchar de viva voz&nbsp;la de&nbsp;los revolucionarios de1910&nbsp;que lucharon&nbsp;por la restituci\u00f3n de sus tierras y&nbsp;contra&nbsp;la explotaci\u00f3n de&nbsp;los&nbsp;hacendados.&nbsp;No solo enfrentaron al cacique de entonces, tuvieron que sobrevivir a los sangrientos enfrentamientos con Chichicapam, sus vecinos, para ser hoy, una peque\u00f1a comunidad&nbsp;multicultural&nbsp;de&nbsp;gente de&nbsp;trabajo&nbsp;buscando su bienestar.<\/p>\n\n\n\n<p>Twitter @nestoryuri<\/p>\n","protected":false},"excerpt":{"rendered":"<p>N\u00e9stor Y. S\u00e1nchez Islas Es lo que incomoda a los poderosos. Y m\u00e1s en un&hellip;<\/p>\n","protected":false},"author":2,"featured_media":36839,"comment_status":"closed","ping_status":"open","sticky":false,"template":"","format":"standard","meta":{"_lmt_disableupdate":"","_lmt_disable":"","_jetpack_memberships_contains_paid_content":false,"footnotes":""},"categories":[456,109],"tags":[3050],"class_list":["post-40991","post","type-post","status-publish","format-standard","has-post-thumbnail","hentry","category-columna","category-minuto-a-minuto","tag-nestor-yuri-sanchez"],"jetpack_featured_media_url":"https:\/\/zonaroja.com.mx\/wp-content\/uploads\/2022\/01\/Prensa-periodismo-periodistas-violencia.jpg","jetpack_sharing_enabled":true,"_links":{"self":[{"href":"https:\/\/zonaroja.com.mx\/index.php?rest_route=\/wp\/v2\/posts\/40991","targetHints":{"allow":["GET"]}}],"collection":[{"href":"https:\/\/zonaroja.com.mx\/index.php?rest_route=\/wp\/v2\/posts"}],"about":[{"href":"https:\/\/zonaroja.com.mx\/index.php?rest_route=\/wp\/v2\/types\/post"}],"author":[{"embeddable":true,"href":"https:\/\/zonaroja.com.mx\/index.php?rest_route=\/wp\/v2\/users\/2"}],"replies":[{"embeddable":true,"href":"https:\/\/zonaroja.com.mx\/index.php?rest_route=%2Fwp%2Fv2%2Fcomments&post=40991"}],"version-history":[{"count":2,"href":"https:\/\/zonaroja.com.mx\/index.php?rest_route=\/wp\/v2\/posts\/40991\/revisions"}],"predecessor-version":[{"id":40993,"href":"https:\/\/zonaroja.com.mx\/index.php?rest_route=\/wp\/v2\/posts\/40991\/revisions\/40993"}],"wp:featuredmedia":[{"embeddable":true,"href":"https:\/\/zonaroja.com.mx\/index.php?rest_route=\/wp\/v2\/media\/36839"}],"wp:attachment":[{"href":"https:\/\/zonaroja.com.mx\/index.php?rest_route=%2Fwp%2Fv2%2Fmedia&parent=40991"}],"wp:term":[{"taxonomy":"category","embeddable":true,"href":"https:\/\/zonaroja.com.mx\/index.php?rest_route=%2Fwp%2Fv2%2Fcategories&post=40991"},{"taxonomy":"post_tag","embeddable":true,"href":"https:\/\/zonaroja.com.mx\/index.php?rest_route=%2Fwp%2Fv2%2Ftags&post=40991"}],"curies":[{"name":"wp","href":"https:\/\/api.w.org\/{rel}","templated":true}]}}