{"id":40998,"date":"2022-05-10T18:38:55","date_gmt":"2022-05-10T23:38:55","guid":{"rendered":"http:\/\/www.zonaroja.com.mx\/?p=40998"},"modified":"2022-05-10T18:38:58","modified_gmt":"2022-05-10T23:38:58","slug":"tendre-que-luchar-aunque-este-arrastrandome-de-viejita-para-encontrar-a-mi-hijo","status":"publish","type":"post","link":"https:\/\/zonaroja.com.mx\/?p=40998","title":{"rendered":"\u201cTendr\u00e9 que luchar, aunque est\u00e9 arrastr\u00e1ndome de viejita, para encontrar a mi hijo\u201d"},"content":{"rendered":"\n<p>Yuridiana Sosa\/Zona Roja.<\/p>\n\n\n\n<p>Oaxaca de Ju\u00e1rez, Oax., 10 de mayo de 2022.- \u201cTiene muchos a\u00f1os que mi hijo se perdi\u00f3, yo quisiera verlo ahorita; lo dej\u00e9 ir porque soy madre soltera. \u00c9l se fue para ayudarme, pero no s\u00e9 nada de mi hijo. Yo quisiera encontrar a mi hijo\u201d.<\/p>\n\n\n\n<p>Do\u00f1a Inocencia hace un doloroso silencio al recordar la desaparici\u00f3n de su v\u00e1stago, ocurrida hace 10 a\u00f1os.<\/p>\n\n\n\n<p>Mira al cielo, luego al suelo, para tomar valor; las l\u00e1grimas recorren su rostro descompuesto por la mueca del llanto. Hablar sobre la desaparici\u00f3n de su hijo la desarma. Es una mujer de edad avanzada que tiene destinado sus d\u00edas a la b\u00fasqueda, as\u00ed lo haga a rastras de su salud.<\/p>\n\n\n\n<p>\u201cTiene muchos a\u00f1os que mi hijo se perdi\u00f3, yo quisiera verlo. Este d\u00eda mire, d\u00f3nde estamos, pero no nos importa, porque son nuestra sangre, nuestros hijos, y no queremos que nadie viva esto que estamos viviendo\u201d, dice la mujer luego de varios minutos.<\/p>\n\n\n\n<p>Su hijo Bruno Rosario Santiago sali\u00f3 de su comunidad en San Isidro Zegache Ocotl\u00e1n, en Valles Centrales, con destino al norte del pa\u00eds, pero en el camino, desapareci\u00f3. Do\u00f1a Inocencia Santiago nunca m\u00e1s tuvo comunicaci\u00f3n con \u00e9l y desde entonces lo busca con desespero, ninguna autoridad, ni migratorias, federales ni estatales dan raz\u00f3n sobre su paradero.<\/p>\n\n\n\n<p>\u00abY tendr\u00e9 que luchar, aunque est\u00e9 arrastr\u00e1ndome de viejita para encontrarlo, es lo que deseo\u201d, sostiene la madre, quien a pesar de no saber leer ni escribir, entrega su vida en la batalla de la b\u00fasqueda.<\/p>\n\n\n\n<p>A su alrededor, en el parque Ju\u00e1rez \u201cEl Llano\u201d, otras mam\u00e1s tienen un mismo dolor por no compartir sus d\u00edas con sus hijas e hijos, que, sin raz\u00f3n, desaparecieron.<\/p>\n\n\n\n<p>D\u00cdA DE LUCHA<\/p>\n\n\n\n<p>Este D\u00eda de las Madres no celebran. \u00bfC\u00f3mo hacerlo? Este d\u00eda lo luchan, lo sufren, como desde el primer d\u00eda que no han visto a sus hijos, olerlos, abrazarlos, acariciarlos, escuchar sus voces, hablar con ellos; volver a verlos, con vida, es el regalo m\u00e1s a\u00f1orado.<\/p>\n\n\n\n<p>Son madres, acompa\u00f1adas de esposas, hijas, hermanas, de mujeres y hombres que de forma involuntaria se ausentaron de sus hogares, y ahora luchan juntas desde el colectivo \u201cOaxaque\u00f1os buscando a los nuestros\u201d.<\/p>\n\n\n\n<figure class=\"wp-block-embed is-type-rich is-provider-twitter wp-block-embed-twitter\"><div class=\"wp-block-embed__wrapper\">\n<div class=\"twitter-tweet\"><blockquote class=\"twitter-tweet\" data-lang=\"es\"><p lang=\"es\" dir=\"ltr\"><a href=\"https:\/\/twitter.com\/hashtag\/D%C3%ADaDeLaMadres?src=hash&amp;ref_src=twsrc%5Etfw\">#D\u00edaDeLaMadres<\/a> <br>\u201cMi hijo se fue con las ansias de sacarme de la pobreza, pero no se hizo&#8230; Yo lo dej\u00e9 ir porque soy madre soltera, se fue para ayudarme\u201d, dice esta madre de San Isidro Zegache, Ocotl\u00e1n, quien busca a su Bruno desde hace m\u00e1s de una d\u00e9cada. <a href=\"https:\/\/t.co\/ek6jVB6rNG\">pic.twitter.com\/ek6jVB6rNG<\/a><\/p>&mdash; Zona Roja Oaxaca (@ZonaRoja_Oaxaca) <a href=\"https:\/\/twitter.com\/ZonaRoja_Oaxaca\/status\/1524119027630620672?ref_src=twsrc%5Etfw\">10 de mayo de 2022<\/a><\/blockquote><\/div>\n<\/div><\/figure>\n\n\n\n<p>Entre ellas, la madre de Zayra Leticia, desaparecida en Huajuapan de Le\u00f3n el 23 de octubre de 2020, la se\u00f1ora Luz Mar\u00eda Leticia Loyola L\u00f3pez. Con una playera con la fotograf\u00eda de su hija, la mujer particip\u00f3 este martes en la marcha.<\/p>\n\n\n\n<p>\u201cHija, mientras yo siga viva te seguir\u00e9 buscando hasta encontrarte \u00a1No te olvido hija!, viva te llevaron, viva te quiero\u201d, dice la lona que lleva la madre.<\/p>\n\n\n\n<p>Do\u00f1a Luz Mar\u00eda no asimila la injusticia en el caso de su hija, por el que la Fiscal\u00eda General de Oaxaca dej\u00f3 libres a los tres presuntos responsables de la desaparici\u00f3n de Zayra.<\/p>\n\n\n\n<p>\u201cHoy 10 de mayo no tenemos descanso, no festejamos, seguimos buscando, con la esperanza de encontrarlos, que volteen a vernos. Lo que queremos es justicia para nuestros hijos\u201d, apunta.<\/p>\n\n\n\n<p>&nbsp;Al dolor de ella, se suma el de Tomasa L\u00f3pez, quien busca a su hijo desde febrero de 2020, desde que fue visto por \u00faltima vez en San Jacinto Tlacotepec, de Sola de Vega; los avances en las investigaciones son casi nulos.<\/p>\n\n\n\n<p>HASTA ENCONTRARLOS<\/p>\n\n\n\n<p>Aunque a veces sienten que las fuerzas no le dan; que en su vida algo se apag\u00f3 desde que no ven a sus hijos, la esperanza de encontrarlos siempre las mantiene de pie.<\/p>\n\n\n\n<p>Las madres oaxaque\u00f1as se sienten olvidadas por la justicia, por eso, exigieron a las autoridades b\u00fasqueda, justicia y reparaci\u00f3n por el da\u00f1o que ha causado la desaparici\u00f3n de sus hijos e hijas.<\/p>\n\n\n\n<p>Durante el mitin en el parque Ju\u00e1rez \u201cEl Llano\u201d, el colectivo se manifest\u00f3 para demandar el fortalecimiento de la Comisi\u00f3n Estatal de B\u00fasqueda y de las Unidades de Investigaci\u00f3n, con recursos materiales, humanos y equipos.<\/p>\n\n\n\n<p>\u201c\u00a1Porque vivas y vivos se los llevaron, vivos los queremos!\u201d, gritaron las mujeres entre el llanto y el dolor.<\/p>\n\n\n\n<p>Las mam\u00e1s marcharon por las principales calles de la ciudad, sobre la avenida Ju\u00e1rez, hasta llegar al z\u00f3calo. En su paso realizaron breves descansos y bloqueos de calles.<\/p>\n\n\n\n<p>Ellas solo pidieron solidaridad a la poblaci\u00f3n, paciencia, comprensi\u00f3n; lo hacen por el amor a sus seres queridos. Solo quieren encontrarlos, verlos una vez m\u00e1s.<\/p>\n\n\n\n<figure class=\"wp-block-embed is-type-rich is-provider-twitter wp-block-embed-twitter\"><div class=\"wp-block-embed__wrapper\">\n<div class=\"twitter-tweet\"><blockquote class=\"twitter-tweet\" data-lang=\"es\"><p lang=\"es\" dir=\"ltr\"><a href=\"https:\/\/twitter.com\/hashtag\/ENVIVO?src=hash&amp;ref_src=twsrc%5Etfw\">#ENVIVO<\/a><br>Oaxaca de Ju\u00e1rez, Oax., 10 de mayo de 2022.- \u201cOaxaque\u00f1os buscando a los nuestros\u201d efect\u00faa un marcha en la capital, para exigir justicia y b\u00fasqueda de sus hijos e hijas.<br>Tr\u00e1gicas historias, en el <a href=\"https:\/\/twitter.com\/hashtag\/D%C3%ADaDeLaMadres?src=hash&amp;ref_src=twsrc%5Etfw\">#D\u00edaDeLaMadres<\/a> <br>Siga aqu\u00ed la transmisi\u00f3n:<br>\ud83d\udc47<a href=\"https:\/\/t.co\/s8FJYKZnTx\">https:\/\/t.co\/s8FJYKZnTx<\/a> <a href=\"https:\/\/t.co\/ou2w9POise\">pic.twitter.com\/ou2w9POise<\/a><\/p>&mdash; Zona Roja Oaxaca (@ZonaRoja_Oaxaca) <a href=\"https:\/\/twitter.com\/ZonaRoja_Oaxaca\/status\/1524050920224575493?ref_src=twsrc%5Etfw\">10 de mayo de 2022<\/a><\/blockquote><\/div>\n<\/div><\/figure>\n","protected":false},"excerpt":{"rendered":"<p>Yuridiana Sosa\/Zona Roja. Oaxaca de Ju\u00e1rez, Oax., 10 de mayo de 2022.- \u201cTiene muchos a\u00f1os&hellip;<\/p>\n","protected":false},"author":2,"featured_media":40999,"comment_status":"closed","ping_status":"open","sticky":false,"template":"","format":"standard","meta":{"_lmt_disableupdate":"","_lmt_disable":"","_jetpack_memberships_contains_paid_content":false,"footnotes":""},"categories":[109,46],"tags":[3132],"class_list":["post-40998","post","type-post","status-publish","format-standard","has-post-thumbnail","hentry","category-minuto-a-minuto","category-zona-blanca","tag-oaxaquenos-buscando-a-los-nuestros-a-c"],"jetpack_featured_media_url":"https:\/\/zonaroja.com.mx\/wp-content\/uploads\/2022\/05\/Madres-buscando-a-sus-hijos.-Busqueda-de-personas-desaparecidas.jpg","jetpack_sharing_enabled":true,"_links":{"self":[{"href":"https:\/\/zonaroja.com.mx\/index.php?rest_route=\/wp\/v2\/posts\/40998","targetHints":{"allow":["GET"]}}],"collection":[{"href":"https:\/\/zonaroja.com.mx\/index.php?rest_route=\/wp\/v2\/posts"}],"about":[{"href":"https:\/\/zonaroja.com.mx\/index.php?rest_route=\/wp\/v2\/types\/post"}],"author":[{"embeddable":true,"href":"https:\/\/zonaroja.com.mx\/index.php?rest_route=\/wp\/v2\/users\/2"}],"replies":[{"embeddable":true,"href":"https:\/\/zonaroja.com.mx\/index.php?rest_route=%2Fwp%2Fv2%2Fcomments&post=40998"}],"version-history":[{"count":1,"href":"https:\/\/zonaroja.com.mx\/index.php?rest_route=\/wp\/v2\/posts\/40998\/revisions"}],"predecessor-version":[{"id":41000,"href":"https:\/\/zonaroja.com.mx\/index.php?rest_route=\/wp\/v2\/posts\/40998\/revisions\/41000"}],"wp:featuredmedia":[{"embeddable":true,"href":"https:\/\/zonaroja.com.mx\/index.php?rest_route=\/wp\/v2\/media\/40999"}],"wp:attachment":[{"href":"https:\/\/zonaroja.com.mx\/index.php?rest_route=%2Fwp%2Fv2%2Fmedia&parent=40998"}],"wp:term":[{"taxonomy":"category","embeddable":true,"href":"https:\/\/zonaroja.com.mx\/index.php?rest_route=%2Fwp%2Fv2%2Fcategories&post=40998"},{"taxonomy":"post_tag","embeddable":true,"href":"https:\/\/zonaroja.com.mx\/index.php?rest_route=%2Fwp%2Fv2%2Ftags&post=40998"}],"curies":[{"name":"wp","href":"https:\/\/api.w.org\/{rel}","templated":true}]}}