{"id":41007,"date":"2022-05-10T19:30:23","date_gmt":"2022-05-11T00:30:23","guid":{"rendered":"http:\/\/www.zonaroja.com.mx\/?p=41007"},"modified":"2022-05-10T19:30:25","modified_gmt":"2022-05-11T00:30:25","slug":"desde-oaxaca-periodistas-exigen-alto-a-asesinatos-y-justicia-para-gremio","status":"publish","type":"post","link":"https:\/\/zonaroja.com.mx\/?p=41007","title":{"rendered":"Desde Oaxaca, periodistas exigen alto a asesinatos y justicia para gremio"},"content":{"rendered":"\n<p>Yuridiana Sosa\/Zona Roja.<\/p>\n\n\n\n<p>Oaxaca de Ju\u00e1rez, Oax., 10 de mayo 2022.- Periodistas de Oaxaca se pronunciaron contra la incesante ola de asesinatos y agresiones a los comunicadores de la entidad y en M\u00e9xico.<\/p>\n\n\n\n<p>Ante los m\u00e1s recientes hechos contra la vida de Luis Enrique Ram\u00edrez Ramos, asesinado en Sinaloa el pasado 5 de mayo, y de Yesenia Mollinedo Falconi y Sheila Johana Garc\u00eda Olivera, acribilladas dentro de un veh\u00edculo este lunes 9 de mayo en Cosoleacaque, Veracruz, el movimiento \u201cPeriodismo en Riesgo-Oaxaca\u201d se suma a la exigencia colectiva que aclama justicia.&nbsp;<\/p>\n\n\n\n<p>Al gobierno de M\u00e9xico y de Oaxaca, as\u00ed como de los estados de Sinaloa y Veracruz, exigen atender el llamado de auxilio y \u201cpedimos que honren sus juramentos y cumplan con su obligaci\u00f3n de promover, respetar, garantizar y proteger nuestros derechos humanos, siendo la libertad de expresi\u00f3n uno de ellos\u201d.<\/p>\n\n\n\n<p>De la misma forma, la Asociaci\u00f3n de Periodistas de Oaxaca (APO) se uni\u00f3 al dolor de las familias de los compa\u00f1eros asesinados, pero principalmente, expresaron su indignaci\u00f3n por la serie de actos contra la prensa.\u00a0<\/p>\n\n\n\n<figure class=\"wp-block-embed is-type-rich is-provider-twitter wp-block-embed-twitter\"><div class=\"wp-block-embed__wrapper\">\n<div class=\"twitter-tweet\"><blockquote class=\"twitter-tweet\" data-lang=\"es\"><p lang=\"es\" dir=\"ltr\">Nos sumamos a la exigencia colectiva que aclama justicia para todas y todos los periodistas asesinados en <a href=\"https:\/\/twitter.com\/hashtag\/M%C3%A9xico?src=hash&amp;ref_src=twsrc%5Etfw\">#M\u00e9xico<\/a>, as\u00ed como un alto a la violencia que contin\u00faa arrebatando la vida de colegas con total impunidad. <a href=\"https:\/\/twitter.com\/hashtag\/PeriodismoEnRiesgo?src=hash&amp;ref_src=twsrc%5Etfw\">#PeriodismoEnRiesgo<\/a> <a href=\"https:\/\/twitter.com\/hashtag\/Oaxaca?src=hash&amp;ref_src=twsrc%5Etfw\">#Oaxaca<\/a> <a href=\"https:\/\/twitter.com\/GobiernoMX?ref_src=twsrc%5Etfw\">@GobiernoMX<\/a> <a href=\"https:\/\/twitter.com\/sinaloagobmx?ref_src=twsrc%5Etfw\">@sinaloagobmx<\/a> <a href=\"https:\/\/twitter.com\/GobiernoVer?ref_src=twsrc%5Etfw\">@GobiernoVer<\/a> <a href=\"https:\/\/t.co\/xvPTu9JtkM\">pic.twitter.com\/xvPTu9JtkM<\/a><\/p>&mdash; Periodismo en Riesgo &#8211; Oaxaca (@periodismo_oax) <a href=\"https:\/\/twitter.com\/periodismo_oax\/status\/1524099100601376772?ref_src=twsrc%5Etfw\">10 de mayo de 2022<\/a><\/blockquote><\/div>\n<\/div><\/figure>\n\n\n\n<p>\u201cNos cuesta trabajo entender c\u00f3mo en un pa\u00eds como M\u00e9xico se sigue matando periodistas, mientras las instituciones nacionales muestran una pasiva inactividad por prevenir atentados en contra de los comunicadores\u201d, manifestaron por medio de un comunicado.&nbsp;<\/p>\n\n\n\n<p>Las y los comunicadores se\u00f1alaron que los cr\u00edmenes de los compa\u00f1eros periodistas demuestran que no hay voluntad para prevenir ni para resolver los casos de los periodistas v\u00edctimas.<\/p>\n\n\n\n<p>Pero, \u201cm\u00e1s es alarmante que los asesinos est\u00e9n libres y que se queden en el archivo de las autoridades\u201d, puntualiz\u00f3 el grupo.<\/p>\n\n\n\n<p>En Oaxaca las agresiones contin\u00faan, por lo que tambi\u00e9n el gremio alz\u00f3 la voz en forma de protesta y en solidaridad al compa\u00f1ero Humberto Cruz, que en d\u00edas pasados fue amenazado e intimidado por el Movimiento de Unificaci\u00f3n y Lucha Triqui que dirige Rogelio pensamiento.&nbsp;<\/p>\n\n\n\n<p>Situaci\u00f3n por la que tambi\u00e9n la APO demand\u00f3 la atenci\u00f3n de las autoridades de justicia de Oaxaca.<\/p>\n\n\n\n<figure class=\"wp-block-embed is-type-rich is-provider-twitter wp-block-embed-twitter\"><div class=\"wp-block-embed__wrapper\">\n<div class=\"twitter-tweet\"><blockquote class=\"twitter-tweet\" data-lang=\"es\"><p lang=\"es\" dir=\"ltr\">C. <a href=\"https:\/\/twitter.com\/lopezobrador_?ref_src=twsrc%5Etfw\">@lopezobrador_<\/a>, Presidente de M\u00e9xico <br>C. <a href=\"https:\/\/twitter.com\/adan_augusto?ref_src=twsrc%5Etfw\">@adan_augusto<\/a>, Secretario de Gobernaci\u00f3n <br>C. Alejandro Gertz Manero, Fiscal General de la Rep\u00fablica <br>C. <a href=\"https:\/\/twitter.com\/alejandromurat?ref_src=twsrc%5Etfw\">@alejandromurat<\/a>, Gobernador del Estado Libre y Soberano de Oaxaca <br>C. <a href=\"https:\/\/twitter.com\/PeimbertArturo?ref_src=twsrc%5Etfw\">@PeimbertArturo<\/a>, Fiscal General del Estado de Oaxaca. <a href=\"https:\/\/t.co\/aS7dPjVAAG\">pic.twitter.com\/aS7dPjVAAG<\/a><\/p>&mdash; APO Oaxaca (@APO_Oaxaca) <a href=\"https:\/\/twitter.com\/APO_Oaxaca\/status\/1524113768690638848?ref_src=twsrc%5Etfw\">10 de mayo de 2022<\/a><\/blockquote><\/div>\n<\/div><\/figure>\n","protected":false},"excerpt":{"rendered":"<p>Yuridiana Sosa\/Zona Roja. Oaxaca de Ju\u00e1rez, Oax., 10 de mayo 2022.- Periodistas de Oaxaca se&hellip;<\/p>\n","protected":false},"author":2,"featured_media":37601,"comment_status":"closed","ping_status":"open","sticky":false,"template":"","format":"standard","meta":{"_lmt_disableupdate":"","_lmt_disable":"","_jetpack_memberships_contains_paid_content":false,"footnotes":""},"categories":[109,47],"tags":[3063],"class_list":["post-41007","post","type-post","status-publish","format-standard","has-post-thumbnail","hentry","category-minuto-a-minuto","category-zona-gris","tag-periodismo-en-riesgo-oaxaca"],"jetpack_featured_media_url":"https:\/\/zonaroja.com.mx\/wp-content\/uploads\/2022\/02\/Protesta-periodistas-Oaxaca-2.jpg","jetpack_sharing_enabled":true,"_links":{"self":[{"href":"https:\/\/zonaroja.com.mx\/index.php?rest_route=\/wp\/v2\/posts\/41007","targetHints":{"allow":["GET"]}}],"collection":[{"href":"https:\/\/zonaroja.com.mx\/index.php?rest_route=\/wp\/v2\/posts"}],"about":[{"href":"https:\/\/zonaroja.com.mx\/index.php?rest_route=\/wp\/v2\/types\/post"}],"author":[{"embeddable":true,"href":"https:\/\/zonaroja.com.mx\/index.php?rest_route=\/wp\/v2\/users\/2"}],"replies":[{"embeddable":true,"href":"https:\/\/zonaroja.com.mx\/index.php?rest_route=%2Fwp%2Fv2%2Fcomments&post=41007"}],"version-history":[{"count":1,"href":"https:\/\/zonaroja.com.mx\/index.php?rest_route=\/wp\/v2\/posts\/41007\/revisions"}],"predecessor-version":[{"id":41008,"href":"https:\/\/zonaroja.com.mx\/index.php?rest_route=\/wp\/v2\/posts\/41007\/revisions\/41008"}],"wp:featuredmedia":[{"embeddable":true,"href":"https:\/\/zonaroja.com.mx\/index.php?rest_route=\/wp\/v2\/media\/37601"}],"wp:attachment":[{"href":"https:\/\/zonaroja.com.mx\/index.php?rest_route=%2Fwp%2Fv2%2Fmedia&parent=41007"}],"wp:term":[{"taxonomy":"category","embeddable":true,"href":"https:\/\/zonaroja.com.mx\/index.php?rest_route=%2Fwp%2Fv2%2Fcategories&post=41007"},{"taxonomy":"post_tag","embeddable":true,"href":"https:\/\/zonaroja.com.mx\/index.php?rest_route=%2Fwp%2Fv2%2Ftags&post=41007"}],"curies":[{"name":"wp","href":"https:\/\/api.w.org\/{rel}","templated":true}]}}