{"id":41009,"date":"2022-05-10T22:07:01","date_gmt":"2022-05-11T03:07:01","guid":{"rendered":"http:\/\/www.zonaroja.com.mx\/?p=41009"},"modified":"2022-05-10T22:07:03","modified_gmt":"2022-05-11T03:07:03","slug":"el-5-de-junio-se-terminaran-malos-gobiernos-que-dieron-la-espalda-a-indigenas-jara","status":"publish","type":"post","link":"https:\/\/zonaroja.com.mx\/?p=41009","title":{"rendered":"El 5 de junio se terminar\u00e1n malos gobiernos que dieron la espalda a ind\u00edgenas: Jara"},"content":{"rendered":"\n<p>Redacci\u00f3n\/Zona Roja.<\/p>\n\n\n\n<p>Oaxaca de Ju\u00e1rez, Oax., 10 de mayo de 2022.- Los pueblos y las comunidades ind\u00edgenas tendr\u00e1n un papel primordial en la transformaci\u00f3n de la vida p\u00fablica de nuestra entidad, su organizaci\u00f3n, cosmovisi\u00f3n y valores son sin\u00f3nimo de desarrollo, estabilidad y progreso, afirm\u00f3 Salom\u00f3n Jara Cruz, candidato de la Coalici\u00f3n \u201cJuntos Hacemos Historia en Oaxaca\u201d, durante su gira de trabajo que inici\u00f3 este d\u00eda en San Jos\u00e9 Tenango, para continuar por comunidades de la Sierra Mazateca, en la regi\u00f3n Ca\u00f1ada.&nbsp;<\/p>\n\n\n\n<p>En este encuentro con pobladores dijo que el pr\u00f3ximo 5 de junio se terminar\u00e1n los malos gobiernos que mantuvieron la espalda y o\u00eddos sordos ante las voces y clamores de los pueblos originarios.<\/p>\n\n\n\n<p>\u201cTengo un cari\u00f1o y un reconocimiento especial por esta Sierra, porque es la cuna de dos personajes que contribuyeron a una de las cuatro grandes transformaciones que ha tenido el pa\u00eds, los hermanos Flores Mag\u00f3n\u201d, se\u00f1al\u00f3 Jara Cruz.<\/p>\n\n\n\n<p>Pronunci\u00f3 que, a lo largo de la historia los pueblos ind\u00edgenas han sido clave fundamental para la transformaci\u00f3n del pa\u00eds, como hoy lo son para la transformaci\u00f3n de un Oaxaca que est\u00e1 marginado y sumido en la miseria por actores pol\u00edticos que nunca escucharon a las comunidades originarias.<\/p>\n\n\n\n<figure class=\"wp-block-embed is-type-rich is-provider-twitter wp-block-embed-twitter\"><div class=\"wp-block-embed__wrapper\">\n<div class=\"twitter-tweet\"><blockquote class=\"twitter-tweet\" data-lang=\"es\"><p lang=\"es\" dir=\"ltr\"><a href=\"https:\/\/twitter.com\/hashtag\/EleccionesOaxaca2022?src=hash&amp;ref_src=twsrc%5Etfw\">#EleccionesOaxaca2022<\/a><br>\u201cEste d\u00eda s\u00f3lo puede ser de felicidad y eso es lo que se vive en nuestra campa\u00f1a\u201d, afirma <a href=\"https:\/\/twitter.com\/salomonj?ref_src=twsrc%5Etfw\">@salomonj<\/a>, quien recorre hoy pueblos de la Ca\u00f1ada, como Santa Mar\u00eda La Asunci\u00f3n, San Miguel Huautepec y San Jos\u00e9 Tenango, entre otros. <a href=\"https:\/\/t.co\/6uTFDHqAwu\">pic.twitter.com\/6uTFDHqAwu<\/a><\/p>&mdash; Zona Roja Oaxaca (@ZonaRoja_Oaxaca) <a href=\"https:\/\/twitter.com\/ZonaRoja_Oaxaca\/status\/1524204020226838532?ref_src=twsrc%5Etfw\">11 de mayo de 2022<\/a><\/blockquote><\/div>\n<\/div><\/figure>\n\n\n\n<p>\u201cPero todo esto terminar\u00e1 cuando florezca la primavera oaxaque\u00f1a, porque sus formas de organizaci\u00f3n, su cosmogon\u00eda, las ense\u00f1anzas ancestrales, la lengua, los valores y la comunalidad ser\u00e1n principios que rijan al gobierno de la Cuarta Transformaci\u00f3n que est\u00e1 por llegar. Por eso gobernaremos desde y con el pueblo\u201d, declar\u00f3.<\/p>\n\n\n\n<p>Reiter\u00f3 que su origen de ind\u00edgena zapoteco lo hace entender las necesidades de las comunidades y pueblos originarios; pero sobre todo reconocer que su forma de organizaci\u00f3n son pieza clave para obtener el desarrollo para la entidad.&nbsp;<\/p>\n\n\n\n<p>El candidato de la esperanza se comprometi\u00f3 a garantizar y reforzar las pol\u00edticas p\u00fablicas necesarias para que las personas m\u00e1s desprotegidas puedan tener acceso a una mejor calidad de vida, sin que esto represente cambiar sus costumbres, tradiciones, visiones, forma de vestir ni valores, vamos a poner por delante el respeto a nuestros pueblos y el desarrollo de todo Oaxaca, culmin\u00f3.<\/p>\n","protected":false},"excerpt":{"rendered":"<p>Redacci\u00f3n\/Zona Roja. Oaxaca de Ju\u00e1rez, Oax., 10 de mayo de 2022.- Los pueblos y las&hellip;<\/p>\n","protected":false},"author":2,"featured_media":41010,"comment_status":"closed","ping_status":"open","sticky":false,"template":"","format":"standard","meta":{"_lmt_disableupdate":"","_lmt_disable":"","_jetpack_memberships_contains_paid_content":false,"footnotes":""},"categories":[109,46],"tags":[939],"class_list":["post-41009","post","type-post","status-publish","format-standard","has-post-thumbnail","hentry","category-minuto-a-minuto","category-zona-blanca","tag-salomon-jara-cruz"],"jetpack_featured_media_url":"https:\/\/zonaroja.com.mx\/wp-content\/uploads\/2022\/05\/Salomon-Jara-gira-Canada.jpg","jetpack_sharing_enabled":true,"_links":{"self":[{"href":"https:\/\/zonaroja.com.mx\/index.php?rest_route=\/wp\/v2\/posts\/41009","targetHints":{"allow":["GET"]}}],"collection":[{"href":"https:\/\/zonaroja.com.mx\/index.php?rest_route=\/wp\/v2\/posts"}],"about":[{"href":"https:\/\/zonaroja.com.mx\/index.php?rest_route=\/wp\/v2\/types\/post"}],"author":[{"embeddable":true,"href":"https:\/\/zonaroja.com.mx\/index.php?rest_route=\/wp\/v2\/users\/2"}],"replies":[{"embeddable":true,"href":"https:\/\/zonaroja.com.mx\/index.php?rest_route=%2Fwp%2Fv2%2Fcomments&post=41009"}],"version-history":[{"count":1,"href":"https:\/\/zonaroja.com.mx\/index.php?rest_route=\/wp\/v2\/posts\/41009\/revisions"}],"predecessor-version":[{"id":41011,"href":"https:\/\/zonaroja.com.mx\/index.php?rest_route=\/wp\/v2\/posts\/41009\/revisions\/41011"}],"wp:featuredmedia":[{"embeddable":true,"href":"https:\/\/zonaroja.com.mx\/index.php?rest_route=\/wp\/v2\/media\/41010"}],"wp:attachment":[{"href":"https:\/\/zonaroja.com.mx\/index.php?rest_route=%2Fwp%2Fv2%2Fmedia&parent=41009"}],"wp:term":[{"taxonomy":"category","embeddable":true,"href":"https:\/\/zonaroja.com.mx\/index.php?rest_route=%2Fwp%2Fv2%2Fcategories&post=41009"},{"taxonomy":"post_tag","embeddable":true,"href":"https:\/\/zonaroja.com.mx\/index.php?rest_route=%2Fwp%2Fv2%2Ftags&post=41009"}],"curies":[{"name":"wp","href":"https:\/\/api.w.org\/{rel}","templated":true}]}}