{"id":41012,"date":"2022-05-10T22:10:23","date_gmt":"2022-05-11T03:10:23","guid":{"rendered":"http:\/\/www.zonaroja.com.mx\/?p=41012"},"modified":"2022-05-10T22:10:26","modified_gmt":"2022-05-11T03:10:26","slug":"promete-el-triple-a-que-hara-todo-para-que-mujeres-tengan-mejores-oportunidades","status":"publish","type":"post","link":"https:\/\/zonaroja.com.mx\/?p=41012","title":{"rendered":"Promete el \u201cTriple A\u201d que har\u00e1 todo para que mujeres tengan mejores oportunidades"},"content":{"rendered":"\n<p>Redacci\u00f3n\/Zona Roja.<\/p>\n\n\n\n<p>Oaxaca de Ju\u00e1rez, Oax. 10 de mayo de 2022. En el marco de la celebraci\u00f3n del \u201cD\u00eda de las Madres\u201d, el candidato com\u00fan del PRI-PRD a la gubernatura de Oaxaca, Alejandro Avil\u00e9s \u00c1lvarez felicit\u00f3 a todas las mujeres oaxaque\u00f1as que hacen posible la conformaci\u00f3n de una sociedad con equilibrio de valores y principios, donde su papel es pilar fundamental para vivir en paz y armon\u00eda colectiva.&nbsp;<\/p>\n\n\n\n<p>Al convivir y dialogar con madres de familia en las oficinas de la dirigencia estatal del PRI, el \u201cTriple A\u201d destac\u00f3 que como gobernador pondr\u00e1 todo su empe\u00f1o y dedicaci\u00f3n, para consolidar una sociedad donde las mujeres tengan todos los derechos y oportunidades que necesitan para vivir con dignidad y justicia.&nbsp;<\/p>\n\n\n\n<p>\u201cUstedes fueron la inspiraci\u00f3n para la tarjeta \u201cTripleta\u201d, porque ustedes se merecen todos los apoyos, desde las estancias infantiles, los subsidios del 30 por ciento, las becas para sus hijos, el apoyo alimentario mensual, las consultas y medicamentos gratis\u201d, expres\u00f3.&nbsp;<\/p>\n\n\n\n<p>En este contexto, el abanderado tricolor asegur\u00f3 que todas las decisiones de gobierno habr\u00e1 igualdad de g\u00e9nero, desde la conformaci\u00f3n de su equipo de trabajo hasta en la ejecuci\u00f3n de programas sociales, que se implementar\u00e1n en las ocho regiones del estado.\u00a0<\/p>\n\n\n\n<figure class=\"wp-block-embed is-type-rich is-provider-twitter wp-block-embed-twitter\"><div class=\"wp-block-embed__wrapper\">\n<div class=\"twitter-tweet\"><blockquote class=\"twitter-tweet\" data-lang=\"es\"><p lang=\"es\" dir=\"ltr\"><a href=\"https:\/\/twitter.com\/hashtag\/EleccionesOaxaca2022?src=hash&amp;ref_src=twsrc%5Etfw\">#EleccionesOaxaca2022<\/a><br>\u201c\u00a1Hoy celebramos a las m\u00e1s fregonas del hogar, a las mam\u00e1s!<br>Todos los d\u00edas ellas se esfuerzan para sacar adelante a su familia y en mi gobierno les vamos a regresar con apoyos todo lo que se merecen. \u00a1Con ellas vamos <a href=\"https:\/\/twitter.com\/hashtag\/AlTriplePorOaxaca?src=hash&amp;ref_src=twsrc%5Etfw\">#AlTriplePorOaxaca<\/a>!\u201d: <a href=\"https:\/\/twitter.com\/_AvilesAlvarez?ref_src=twsrc%5Etfw\">@_AvilesAlvarez<\/a>. <a href=\"https:\/\/t.co\/9O0GeUFqbQ\">pic.twitter.com\/9O0GeUFqbQ<\/a><\/p>&mdash; Zona Roja Oaxaca (@ZonaRoja_Oaxaca) <a href=\"https:\/\/twitter.com\/ZonaRoja_Oaxaca\/status\/1524197353892335618?ref_src=twsrc%5Etfw\">11 de mayo de 2022<\/a><\/blockquote><\/div>\n<\/div><\/figure>\n\n\n\n<p>\u201cPor eso digo y lo reconozco en todos los lugares a donde voy, primero las mujeres, el gabinete estar\u00e1 integrado por el 50 por ciento de mujeres, entonces muchas mujeres van a estar trabajando conmigo en el pr\u00f3ximo sexenio\u201d, abund\u00f3.&nbsp;<\/p>\n\n\n\n<p>Como parte de su agenda de campa\u00f1a, Alejandro Avil\u00e9s se reuni\u00f3 con integrantes de la C\u00e1mara Mexicana de la Industria de la Construcci\u00f3n Delegaci\u00f3n Oaxaca (CMIC), a quienes garantiz\u00f3 que impulsar\u00e1 el desarrollo econ\u00f3mico de la entidad, de la mano de su talento y capacidad.<\/p>\n\n\n\n<p>Conf\u00edan en la Mixteca y Valles Centrales en la campa\u00f1a de Alejandro Avil\u00e9s<\/p>\n\n\n\n<p>Militantes y simpatizantes priistas de la localidad de San Francisco Caball\u00faa en la regi\u00f3n de la Mixteca, mostraron su confianza al proyecto del candidato del PRI-PRD, Alejandro Avil\u00e9s, al considerar que su agenda de gobierno contempla las necesidades y demandas de los pueblos m\u00e1s desprotegidos de la regi\u00f3n.&nbsp;<\/p>\n\n\n\n<p>\u201cReiteramos nuestro respaldo a Alejandro Avil\u00e9s, porque es una persona que viene desde abajo y sabe como se tienen que resolver nuestros problemas\u201d, coincidieron.&nbsp;<\/p>\n\n\n\n<p>En tanto, en el municipio de San Francisco Telixtlahuaca en los Valles Centrales, el Triple A asegur\u00f3 que desde la gubernatura del estado, cumplir\u00e1 inmediatamente cada uno de sus compromisos adquiridos en sus recorridos de campa\u00f1a, como muestra del respeto y solidaridad por los pueblos ind\u00edgenas.<\/p>\n","protected":false},"excerpt":{"rendered":"<p>Redacci\u00f3n\/Zona Roja. Oaxaca de Ju\u00e1rez, Oax. 10 de mayo de 2022. En el marco de&hellip;<\/p>\n","protected":false},"author":2,"featured_media":41013,"comment_status":"closed","ping_status":"open","sticky":false,"template":"","format":"standard","meta":{"_lmt_disableupdate":"","_lmt_disable":"","_jetpack_memberships_contains_paid_content":false,"footnotes":""},"categories":[109,46],"tags":[316],"class_list":["post-41012","post","type-post","status-publish","format-standard","has-post-thumbnail","hentry","category-minuto-a-minuto","category-zona-blanca","tag-alejandro-aviles-alvarez"],"jetpack_featured_media_url":"https:\/\/zonaroja.com.mx\/wp-content\/uploads\/2022\/05\/Alejandro-Aviles-madres-festeko.jpg","jetpack_sharing_enabled":true,"_links":{"self":[{"href":"https:\/\/zonaroja.com.mx\/index.php?rest_route=\/wp\/v2\/posts\/41012","targetHints":{"allow":["GET"]}}],"collection":[{"href":"https:\/\/zonaroja.com.mx\/index.php?rest_route=\/wp\/v2\/posts"}],"about":[{"href":"https:\/\/zonaroja.com.mx\/index.php?rest_route=\/wp\/v2\/types\/post"}],"author":[{"embeddable":true,"href":"https:\/\/zonaroja.com.mx\/index.php?rest_route=\/wp\/v2\/users\/2"}],"replies":[{"embeddable":true,"href":"https:\/\/zonaroja.com.mx\/index.php?rest_route=%2Fwp%2Fv2%2Fcomments&post=41012"}],"version-history":[{"count":1,"href":"https:\/\/zonaroja.com.mx\/index.php?rest_route=\/wp\/v2\/posts\/41012\/revisions"}],"predecessor-version":[{"id":41014,"href":"https:\/\/zonaroja.com.mx\/index.php?rest_route=\/wp\/v2\/posts\/41012\/revisions\/41014"}],"wp:featuredmedia":[{"embeddable":true,"href":"https:\/\/zonaroja.com.mx\/index.php?rest_route=\/wp\/v2\/media\/41013"}],"wp:attachment":[{"href":"https:\/\/zonaroja.com.mx\/index.php?rest_route=%2Fwp%2Fv2%2Fmedia&parent=41012"}],"wp:term":[{"taxonomy":"category","embeddable":true,"href":"https:\/\/zonaroja.com.mx\/index.php?rest_route=%2Fwp%2Fv2%2Fcategories&post=41012"},{"taxonomy":"post_tag","embeddable":true,"href":"https:\/\/zonaroja.com.mx\/index.php?rest_route=%2Fwp%2Fv2%2Ftags&post=41012"}],"curies":[{"name":"wp","href":"https:\/\/api.w.org\/{rel}","templated":true}]}}