{"id":41018,"date":"2022-05-11T11:58:00","date_gmt":"2022-05-11T16:58:00","guid":{"rendered":"http:\/\/www.zonaroja.com.mx\/?p=41018"},"modified":"2022-05-11T19:19:12","modified_gmt":"2022-05-12T00:19:12","slug":"opinion-linea-12-indignidad-para-la-historia","status":"publish","type":"post","link":"https:\/\/zonaroja.com.mx\/?p=41018","title":{"rendered":"Opini\u00f3n. L\u00ednea 12: indignidad para la historia"},"content":{"rendered":"\n<p>Gibr\u00e1n Ram\u00edrez Reyes*<\/p>\n\n\n\n<p>En su m\u00e1s reciente acto de desgobierno, a Claudia Sheinbaum se le han visto todas las costuras. La primera de ellas, sin duda, es la impericia pol\u00edtica. Mal aconsejada, emprendi\u00f3 un control de da\u00f1os previo a una posible filtraci\u00f3n.&nbsp;<\/p>\n\n\n\n<p>Su equipo dio por hecho, por un se\u00f1alamiento de X\u00f3chitl G\u00e1lvez que nadie hab\u00eda visto, que el informe de DNV se filtrar\u00eda en breve a medios opositores. De ah\u00ed vino la reacci\u00f3n torpe, desproporcionada, que hizo al informe una propaganda que no habr\u00eda tenido.&nbsp;<\/p>\n\n\n\n<p>El desprop\u00f3sito lleg\u00f3 al punto de mostrar lo que se quer\u00eda ocultar: el secretario Lajous dijo que DNV, que antes presumieron con bombo y platillo, hab\u00eda sembrado, como causa-ra\u00edz del colapso del metro, la falta de mantenimiento por parte del gobierno de la Ciudad.&nbsp;<\/p>\n\n\n\n<p>Desde el academicismo, la jefatura ha disputado a DNV el concepto de \u201ccausa-ra\u00edz\u201d, como si ganar una pol\u00e9mica t\u00e9cnica sobre el concepto de causalidad bastara para eliminar la carga de la responsabilidad pol\u00edtica.&nbsp;<\/p>\n\n\n\n<p>El error ha sido may\u00fasculo: callar, dejar la ambig\u00fcedad flotando en el aire, no responder a G\u00e1lvez, habr\u00eda sido infinitamente menos costoso. La impericia est\u00e1 tambi\u00e9n en la incapacidad de controlar un dictamen contratado por el gobierno mismo.&nbsp;<\/p>\n\n\n\n<p>La responsabilidad, lo dijo Max Weber, es el valor cardinal de la pol\u00edtica. En su etimolog\u00eda implica la capacidad de responder a los compromisos. Al pol\u00edtico \u2014m\u00e1s a\u00fan si carece de carisma\u2014 corresponde eso: no la santidad del discurso de la convicci\u00f3n, independiente del curso de los hechos, sino s\u00f3lo la mundana realidad, el concreto, los cables, los alambres, los pernos, la soldadura, el funcionamiento de la estructura burocr\u00e1tica del metro que no s\u00f3lo pudo, sino debi\u00f3, prever la posibilidad del colapso y las muertes.&nbsp;<\/p>\n\n\n\n<p>De la responsabilidad deriva la integridad del honor, el merecimiento del reconocimiento, del poder, del prestigio, de la riqueza, o de las candidaturas presidenciales. De tal modo, un pol\u00edtico irresponsable es un pol\u00edtico inservible, sin honor ni dignidad.&nbsp;<\/p>\n\n\n\n<p>Y en ello no importa si la responsabilidad es sobre una causa-ra\u00edz, si se trata de una causa inmediata, no importa la metodolog\u00eda, la epistemolog\u00eda de la causalidad. Hacerse responsable no es, como parece que el consorcio pol\u00edtico-econ\u00f3mico cree, pagar da\u00f1os, reconstrucci\u00f3n e indemnizaci\u00f3n.&nbsp;<\/p>\n\n\n\n<p>Hacerse responsable implica mirar de frente la verdad y asumir de ella lo que toca, jur\u00eddica y pol\u00edticamente. La irresponsabilidad sobre la L\u00ednea 12 es digna de una novela: huyen de ella quienes la construyeron y a quien le colaps\u00f3, se corrompe a Fedex para perder la cadena de custodia del acero que prueba que est\u00e1 mal construida, se silencia a DNV para tapar la negligencia criminal.&nbsp;<\/p>\n\n\n\n<p>Sobre los cad\u00e1veres y el polvo de los fierros y el concreto se tiende una alfombra escarlata. Por ella desfila Claudia Sheinbaum en su campa\u00f1a pol\u00edtica sobre logros de gobierno en la capital. Avanza sobre ella llevando al Grupo Firme al Z\u00f3calo.&nbsp;<\/p>\n\n\n\n<p>Sobre ella se recorre el camino del fin de semana a respaldar las candidaturas a gubernaturas con fiestas y sonrisas (\u00bfqui\u00e9n quiere respaldo de la \u00fanica gobernante a la que le colaps\u00f3 el metro en la historia de la Ciudad?). Por ella desfila Florencia Serran\u00eda en camino a su cargo acad\u00e9mico honorario. Irresponsabilidad, frivolidad, indignidad para la historia.&nbsp;<\/p>\n\n\n\n<p>@gibranrr<\/p>\n","protected":false},"excerpt":{"rendered":"<p>Gibr\u00e1n Ram\u00edrez Reyes* En su m\u00e1s reciente acto de desgobierno, a Claudia Sheinbaum se le&hellip;<\/p>\n","protected":false},"author":2,"featured_media":24099,"comment_status":"closed","ping_status":"open","sticky":false,"template":"","format":"standard","meta":{"_lmt_disableupdate":"","_lmt_disable":"","_jetpack_memberships_contains_paid_content":false,"footnotes":""},"categories":[456,109],"tags":[2489],"class_list":["post-41018","post","type-post","status-publish","format-standard","has-post-thumbnail","hentry","category-columna","category-minuto-a-minuto","tag-gibran-ramirez-reyes"],"jetpack_featured_media_url":"https:\/\/zonaroja.com.mx\/wp-content\/uploads\/2021\/02\/Gibran-Ramirez-Reyes.jpg","jetpack_sharing_enabled":true,"_links":{"self":[{"href":"https:\/\/zonaroja.com.mx\/index.php?rest_route=\/wp\/v2\/posts\/41018","targetHints":{"allow":["GET"]}}],"collection":[{"href":"https:\/\/zonaroja.com.mx\/index.php?rest_route=\/wp\/v2\/posts"}],"about":[{"href":"https:\/\/zonaroja.com.mx\/index.php?rest_route=\/wp\/v2\/types\/post"}],"author":[{"embeddable":true,"href":"https:\/\/zonaroja.com.mx\/index.php?rest_route=\/wp\/v2\/users\/2"}],"replies":[{"embeddable":true,"href":"https:\/\/zonaroja.com.mx\/index.php?rest_route=%2Fwp%2Fv2%2Fcomments&post=41018"}],"version-history":[{"count":1,"href":"https:\/\/zonaroja.com.mx\/index.php?rest_route=\/wp\/v2\/posts\/41018\/revisions"}],"predecessor-version":[{"id":41019,"href":"https:\/\/zonaroja.com.mx\/index.php?rest_route=\/wp\/v2\/posts\/41018\/revisions\/41019"}],"wp:featuredmedia":[{"embeddable":true,"href":"https:\/\/zonaroja.com.mx\/index.php?rest_route=\/wp\/v2\/media\/24099"}],"wp:attachment":[{"href":"https:\/\/zonaroja.com.mx\/index.php?rest_route=%2Fwp%2Fv2%2Fmedia&parent=41018"}],"wp:term":[{"taxonomy":"category","embeddable":true,"href":"https:\/\/zonaroja.com.mx\/index.php?rest_route=%2Fwp%2Fv2%2Fcategories&post=41018"},{"taxonomy":"post_tag","embeddable":true,"href":"https:\/\/zonaroja.com.mx\/index.php?rest_route=%2Fwp%2Fv2%2Ftags&post=41018"}],"curies":[{"name":"wp","href":"https:\/\/api.w.org\/{rel}","templated":true}]}}