{"id":4102,"date":"2019-09-19T08:33:51","date_gmt":"2019-09-19T13:33:51","guid":{"rendered":"http:\/\/www.zonaroja.com.mx\/?p=4102"},"modified":"2019-09-19T08:33:53","modified_gmt":"2019-09-19T13:33:53","slug":"oaxaca-capital-a-merced-de-la-delincuencia-vecinos-intentan-linchar-a-ladron","status":"publish","type":"post","link":"https:\/\/zonaroja.com.mx\/?p=4102","title":{"rendered":"Oaxaca capital a merced de la delincuencia; vecinos intentan linchar a ladr\u00f3n"},"content":{"rendered":"\n<p>Redacci\u00f3n\/Zona\nRoja<\/p>\n\n\n\n<p>Oaxaca de\nJu\u00e1rez, Oax., 19 de septiembre de 2019.- La delincuencia en la capital\noaxaque\u00f1a sigue desatada y la autoridad municipal no ha podido frenar la ola de\nrobos, asaltos, agresiones armadas y ataques a mujeres. En consecuencia, la\njusticia por mano propia crece.<\/p>\n\n\n\n<p>Ayer cerca\nde las 12:45 horas, un individuo rob\u00f3 una bater\u00eda de una unidad de motor,&nbsp; y cuando se dispon\u00eda a huir, fue alcanzado\npor mototaxistas y habitantes en la calle Vicente Guerrero de la colonia\nAlem\u00e1n, vialidad donde se sit\u00faan las oficinas del DIF Oaxaca.<\/p>\n\n\n\n<p>Fue debajo\ndel puente peatonal sobre el Perif\u00e9rico donde lo atraparon y le dieron una\ngolpiza, adem\u00e1s de desnudarlo. Tras ello fue entregado a los polic\u00edas.<\/p>\n\n\n\n<p>El individuo\ndijo llamarse Pablo A., de 27 a\u00f1os de edad y fue puesto a disposici\u00f3n del\nMinisterio P\u00fablico de la Fiscal\u00eda General del Estado, en espera de una denuncia\nformal por parte de la unidad de motor a la que quit\u00f3 la bater\u00eda.<\/p>\n\n\n\n<p>El due\u00f1o del\nautom\u00f3vil marca Volkswagen tipo Pointer con placas de circulaci\u00f3n TLP-7840 del\nestado, inform\u00f3 que presentar\u00e1 su formal denuncia.<\/p>\n","protected":false},"excerpt":{"rendered":"<p>Redacci\u00f3n\/Zona Roja Oaxaca de Ju\u00e1rez, Oax., 19 de septiembre de 2019.- La delincuencia en la&hellip;<\/p>\n","protected":false},"author":2,"featured_media":4103,"comment_status":"closed","ping_status":"open","sticky":false,"template":"","format":"standard","meta":{"_lmt_disableupdate":"","_lmt_disable":"","_jetpack_memberships_contains_paid_content":false,"footnotes":""},"categories":[109,51],"tags":[148],"class_list":["post-4102","post","type-post","status-publish","format-standard","has-post-thumbnail","hentry","category-minuto-a-minuto","category-zona-roja","tag-oaxaca-de-juarez"],"jetpack_featured_media_url":"https:\/\/zonaroja.com.mx\/wp-content\/uploads\/2019\/09\/PHOTO-2019-09-18-21-53-30.jpg","jetpack_sharing_enabled":true,"_links":{"self":[{"href":"https:\/\/zonaroja.com.mx\/index.php?rest_route=\/wp\/v2\/posts\/4102","targetHints":{"allow":["GET"]}}],"collection":[{"href":"https:\/\/zonaroja.com.mx\/index.php?rest_route=\/wp\/v2\/posts"}],"about":[{"href":"https:\/\/zonaroja.com.mx\/index.php?rest_route=\/wp\/v2\/types\/post"}],"author":[{"embeddable":true,"href":"https:\/\/zonaroja.com.mx\/index.php?rest_route=\/wp\/v2\/users\/2"}],"replies":[{"embeddable":true,"href":"https:\/\/zonaroja.com.mx\/index.php?rest_route=%2Fwp%2Fv2%2Fcomments&post=4102"}],"version-history":[{"count":1,"href":"https:\/\/zonaroja.com.mx\/index.php?rest_route=\/wp\/v2\/posts\/4102\/revisions"}],"predecessor-version":[{"id":4104,"href":"https:\/\/zonaroja.com.mx\/index.php?rest_route=\/wp\/v2\/posts\/4102\/revisions\/4104"}],"wp:featuredmedia":[{"embeddable":true,"href":"https:\/\/zonaroja.com.mx\/index.php?rest_route=\/wp\/v2\/media\/4103"}],"wp:attachment":[{"href":"https:\/\/zonaroja.com.mx\/index.php?rest_route=%2Fwp%2Fv2%2Fmedia&parent=4102"}],"wp:term":[{"taxonomy":"category","embeddable":true,"href":"https:\/\/zonaroja.com.mx\/index.php?rest_route=%2Fwp%2Fv2%2Fcategories&post=4102"},{"taxonomy":"post_tag","embeddable":true,"href":"https:\/\/zonaroja.com.mx\/index.php?rest_route=%2Fwp%2Fv2%2Ftags&post=4102"}],"curies":[{"name":"wp","href":"https:\/\/api.w.org\/{rel}","templated":true}]}}