{"id":41020,"date":"2022-05-11T07:14:23","date_gmt":"2022-05-11T12:14:23","guid":{"rendered":"http:\/\/www.zonaroja.com.mx\/?p=41020"},"modified":"2022-05-11T07:14:26","modified_gmt":"2022-05-11T12:14:26","slug":"rescatan-a-otro-secuestrado-en-tuxtepec-ahora-es-una-adolescente","status":"publish","type":"post","link":"https:\/\/zonaroja.com.mx\/?p=41020","title":{"rendered":"Rescatan a otro secuestrado en Tuxtepec, ahora es una adolescente"},"content":{"rendered":"\n<p>Redacci\u00f3n\/Zona Roja.&nbsp;<\/p>\n\n\n\n<p>Oaxaca de Ju\u00e1rez, Oax., 11 de mayo de 2022.- La Fiscal\u00eda General del Estado de Oaxaca (FGEO), a trav\u00e9s de la Vicefiscal\u00eda Regional de la Cuenca, localiz\u00f3 a una adolescente de identidad reservada por Ley v\u00edctima del delito de privaci\u00f3n ilegal de la libertad, cometido en jurisdicci\u00f3n de San Juan Bautista Tuxtepec, en la regi\u00f3n de la Cuenca.<\/p>\n\n\n\n<p>De acuerdo con la carpeta de investigaci\u00f3n 16118\/FCUE\/TUXTEPEC\/2022, la madrugada del 8 de mayo de 2022, familiares de la v\u00edctima la vieron por \u00faltima vez cuando se encontraba en una celebraci\u00f3n popular frente al palacio municipal de esta demarcaci\u00f3n.<\/p>\n\n\n\n<p>En un primer momento entablaron contacto con la joven, sin embargo, posteriormente no respondi\u00f3 llamadas ni mensajes, adem\u00e1s de que una persona inform\u00f3 que hab\u00eda visto a la adolescente en inmediaciones de la carretera Jalapa de D\u00edaz de la colonia Jardines del Arroyo, donde abord\u00f3 un veh\u00edculo conducido por dos sujetos.<\/p>\n\n\n\n<p>Ante este hecho, el 9 de mayo del a\u00f1o en curso los familiares reportaron la desaparici\u00f3n de la adolescente ante la FGEO, quien inici\u00f3 la Carpeta de Investigaci\u00f3n correspondiente y realiz\u00f3 un operativo de b\u00fasqueda y localizaci\u00f3n, logrando en la referida fecha localizarla en el interior del fraccionamiento El Para\u00edso de Tuxtepec.<\/p>\n\n\n\n<p>La adolescente fue presentada ante el Agente del Ministerio P\u00fablico correspondiente y posteriormente fue restituida con su madre.<\/p>\n","protected":false},"excerpt":{"rendered":"<p>Redacci\u00f3n\/Zona Roja.&nbsp; Oaxaca de Ju\u00e1rez, Oax., 11 de mayo de 2022.- La Fiscal\u00eda General del&hellip;<\/p>\n","protected":false},"author":2,"featured_media":41021,"comment_status":"closed","ping_status":"open","sticky":false,"template":"","format":"standard","meta":{"_lmt_disableupdate":"","_lmt_disable":"","_jetpack_memberships_contains_paid_content":false,"footnotes":""},"categories":[109,46],"tags":[494],"class_list":["post-41020","post","type-post","status-publish","format-standard","has-post-thumbnail","hentry","category-minuto-a-minuto","category-zona-blanca","tag-fiscalia-general-del-estado-de-oaxaca"],"jetpack_featured_media_url":"https:\/\/zonaroja.com.mx\/wp-content\/uploads\/2022\/05\/Desaparecida-localizada-secuestrada-adolescente-Tuxtepec.jpg","jetpack_sharing_enabled":true,"_links":{"self":[{"href":"https:\/\/zonaroja.com.mx\/index.php?rest_route=\/wp\/v2\/posts\/41020","targetHints":{"allow":["GET"]}}],"collection":[{"href":"https:\/\/zonaroja.com.mx\/index.php?rest_route=\/wp\/v2\/posts"}],"about":[{"href":"https:\/\/zonaroja.com.mx\/index.php?rest_route=\/wp\/v2\/types\/post"}],"author":[{"embeddable":true,"href":"https:\/\/zonaroja.com.mx\/index.php?rest_route=\/wp\/v2\/users\/2"}],"replies":[{"embeddable":true,"href":"https:\/\/zonaroja.com.mx\/index.php?rest_route=%2Fwp%2Fv2%2Fcomments&post=41020"}],"version-history":[{"count":1,"href":"https:\/\/zonaroja.com.mx\/index.php?rest_route=\/wp\/v2\/posts\/41020\/revisions"}],"predecessor-version":[{"id":41022,"href":"https:\/\/zonaroja.com.mx\/index.php?rest_route=\/wp\/v2\/posts\/41020\/revisions\/41022"}],"wp:featuredmedia":[{"embeddable":true,"href":"https:\/\/zonaroja.com.mx\/index.php?rest_route=\/wp\/v2\/media\/41021"}],"wp:attachment":[{"href":"https:\/\/zonaroja.com.mx\/index.php?rest_route=%2Fwp%2Fv2%2Fmedia&parent=41020"}],"wp:term":[{"taxonomy":"category","embeddable":true,"href":"https:\/\/zonaroja.com.mx\/index.php?rest_route=%2Fwp%2Fv2%2Fcategories&post=41020"},{"taxonomy":"post_tag","embeddable":true,"href":"https:\/\/zonaroja.com.mx\/index.php?rest_route=%2Fwp%2Fv2%2Ftags&post=41020"}],"curies":[{"name":"wp","href":"https:\/\/api.w.org\/{rel}","templated":true}]}}