{"id":41023,"date":"2022-05-11T07:48:10","date_gmt":"2022-05-11T12:48:10","guid":{"rendered":"http:\/\/www.zonaroja.com.mx\/?p=41023"},"modified":"2022-05-11T07:48:12","modified_gmt":"2022-05-11T12:48:12","slug":"protege-poder-judicial-los-derechos-humanos-de-personas-con-discapacidad","status":"publish","type":"post","link":"https:\/\/zonaroja.com.mx\/?p=41023","title":{"rendered":"Protege Poder Judicial los derechos humanos de personas con discapacidad"},"content":{"rendered":"\n<p>Redacci\u00f3n\/Zona Roja.<\/p>\n\n\n\n<p>Oaxaca de Ju\u00e1rez, Oax., 11 de mayo de 2022.- Las personas con discapacidad, durante mucho tiempo antes de obtener reconocimiento como sujetos de derechos, han tenido que vencer progresivamente modelos que ofend\u00edan y denigraban su dignidad humana, catalog\u00e1ndolos como sujetos carentes de voluntad, inteligencia e incluso que las decisiones se tomaban por ellas y ellos.<\/p>\n\n\n\n<p>Lo anterior, se establece en el&nbsp;art\u00edculo \u201cLos derechos de las personas con discapacidad y sus mecanismos de monitoreo\u201d que pertenece a la colecci\u00f3n&nbsp;bibliogr\u00e1fica&nbsp;T\u00f3picos en Derechos Humanos, conformada por&nbsp;ensayos y art\u00edculos elaborados por especialistas,&nbsp;en la labor del Poder Judicial del Estado de&nbsp;dar a conocer las aportaciones y&nbsp;abrir un debate en torno a&nbsp;temas relevantes&nbsp;y su contexto actual.&nbsp;<\/p>\n\n\n\n<p>En el escrito, de la autor\u00eda de la abogada&nbsp;Elizabeth Rivera Arrazola, Jefa del Departamento de Vinculaci\u00f3n de la&nbsp;Direcci\u00f3n de Derechos Humanos&nbsp;del Consejo de la Judicatura,&nbsp;y que se puede consultar en el enlace&nbsp;https:\/\/bit.ly\/3iaog0r,&nbsp;se menciona que el&nbsp;reconocimiento de los derechos de las personas con discapacidad, no ha sido una labor f\u00e1cil.<\/p>\n\n\n\n<p>\u201cLa transversalizaci\u00f3n de los derechos humanos en el quehacer institucional, progresivamente ha incorporado alguno de los derechos contenidos en la Convenci\u00f3n, sin embargo, a\u00fan hace falta una cultura de inclusi\u00f3n, igualdad y no discriminaci\u00f3n\u201d, recalc\u00f3&nbsp;la especialista&nbsp;sobre el tema.&nbsp;<\/p>\n\n\n\n<p>Plantea que en la Convenci\u00f3n de los derechos de las personas con discapacidad del 3 de diciembre de 2006, se ten\u00eda el prop\u00f3sito de promover, proteger y asegurar el goce pleno, en condiciones de igualdad de todos los derechos humanos y libertades fundamentales de las personas con discapacidad, as\u00ed como fomentar el respeto de su integridad. &nbsp;<\/p>\n\n\n\n<p>Por otra parte, en su compromiso de velar&nbsp;de&nbsp;manera permanente por un acceso pleno a la justicia, el Poder Judicial del Estado promueve&nbsp;entre los&nbsp;servidores p\u00fablicos judiciales, el Protocolo de Actuaci\u00f3n para quienes imparten justicia en casos que involucren Derechos de Personas con Discapacidad de la Suprema Corte de Justicia de la Naci\u00f3n (SCJN), lo que ayuda a fortalecer los mecanismos de protecci\u00f3n hacia este grupo de la poblaci\u00f3n en particular.<\/p>\n","protected":false},"excerpt":{"rendered":"<p>Redacci\u00f3n\/Zona Roja. Oaxaca de Ju\u00e1rez, Oax., 11 de mayo de 2022.- Las personas con discapacidad,&hellip;<\/p>\n","protected":false},"author":2,"featured_media":30110,"comment_status":"closed","ping_status":"open","sticky":false,"template":"","format":"standard","meta":{"_lmt_disableupdate":"","_lmt_disable":"","_jetpack_memberships_contains_paid_content":false,"footnotes":""},"categories":[109,46],"tags":[223],"class_list":["post-41023","post","type-post","status-publish","format-standard","has-post-thumbnail","hentry","category-minuto-a-minuto","category-zona-blanca","tag-poder-judicial-de-oaxaca"],"jetpack_featured_media_url":"https:\/\/zonaroja.com.mx\/wp-content\/uploads\/2021\/07\/Discapacidad-silla-de-ruedas.jpg","jetpack_sharing_enabled":true,"_links":{"self":[{"href":"https:\/\/zonaroja.com.mx\/index.php?rest_route=\/wp\/v2\/posts\/41023","targetHints":{"allow":["GET"]}}],"collection":[{"href":"https:\/\/zonaroja.com.mx\/index.php?rest_route=\/wp\/v2\/posts"}],"about":[{"href":"https:\/\/zonaroja.com.mx\/index.php?rest_route=\/wp\/v2\/types\/post"}],"author":[{"embeddable":true,"href":"https:\/\/zonaroja.com.mx\/index.php?rest_route=\/wp\/v2\/users\/2"}],"replies":[{"embeddable":true,"href":"https:\/\/zonaroja.com.mx\/index.php?rest_route=%2Fwp%2Fv2%2Fcomments&post=41023"}],"version-history":[{"count":1,"href":"https:\/\/zonaroja.com.mx\/index.php?rest_route=\/wp\/v2\/posts\/41023\/revisions"}],"predecessor-version":[{"id":41024,"href":"https:\/\/zonaroja.com.mx\/index.php?rest_route=\/wp\/v2\/posts\/41023\/revisions\/41024"}],"wp:featuredmedia":[{"embeddable":true,"href":"https:\/\/zonaroja.com.mx\/index.php?rest_route=\/wp\/v2\/media\/30110"}],"wp:attachment":[{"href":"https:\/\/zonaroja.com.mx\/index.php?rest_route=%2Fwp%2Fv2%2Fmedia&parent=41023"}],"wp:term":[{"taxonomy":"category","embeddable":true,"href":"https:\/\/zonaroja.com.mx\/index.php?rest_route=%2Fwp%2Fv2%2Fcategories&post=41023"},{"taxonomy":"post_tag","embeddable":true,"href":"https:\/\/zonaroja.com.mx\/index.php?rest_route=%2Fwp%2Fv2%2Ftags&post=41023"}],"curies":[{"name":"wp","href":"https:\/\/api.w.org\/{rel}","templated":true}]}}