{"id":41028,"date":"2022-05-11T08:25:45","date_gmt":"2022-05-11T13:25:45","guid":{"rendered":"http:\/\/www.zonaroja.com.mx\/?p=41028"},"modified":"2022-05-11T08:25:51","modified_gmt":"2022-05-11T13:25:51","slug":"reportan-mas-homicidios-en-oaxaca-registrados-el-lunes","status":"publish","type":"post","link":"https:\/\/zonaroja.com.mx\/?p=41028","title":{"rendered":"Reportan m\u00e1s homicidios en Oaxaca, registrados el lunes"},"content":{"rendered":"\n<p>Redacci\u00f3n\/Zona Roja.<\/p>\n\n\n\n<p>Oaxaca de Ju\u00e1rez, Oax., 11 de mayo de 2022.- Tres personas fueron asesinadas el pasado lunes, en las regiones Costa y Sierra Norte, confirmaron autoridades ministeriales de Oaxaca.<\/p>\n\n\n\n<p>La noche del 9 de mayo, en un camino de terracer\u00eda de la comunidad de Collantes, del municipio de Pinotepa Nacional, fue localizado el cuerpo de F\u00e9lix N., de 43 a\u00f1os de edad, quien presentaba varios disparos de arma de fuego.<\/p>\n\n\n\n<p>Mientras que en San Juan Cotzoc\u00f3n Mixe, fueron asesinadas dos personas del sexo masculino.<\/p>\n\n\n\n<p>Los cuerpos fueron localizados en el interior de una camioneta, en el camino que conduce de El Porvenir a Cerro Mojarra, pertenecientes a dicho municipio.<\/p>\n\n\n\n<p>Las v\u00edctimas fueron identificadas como Federico C. D., de 47 a\u00f1os de edad, y Alberto F. B., de 26 a\u00f1os, ambos originarios de esta \u00faltima comunidad.<\/p>\n\n\n\n<p>DOS AHOGADOS<\/p>\n\n\n\n<p>Por otra parte, anoche dos personas fueron rescatadas sin vida en el interior de un pozo, en el municipio de Santo Domingo Tehuantepec.<\/p>\n\n\n\n<p>Fue en un terreno del barrio Lieza donde las dos personas cayeron, cuando realizaban trabajos en el pozo tipo noria; fueron identificadas como Marcos S. P., de 65 a\u00f1os de edad, y Jos\u00e9 Luis M. R., de 55 a\u00f1os, originarios de dicho municipio.<\/p>\n\n\n\n<p>Presuntamente instalaban una bomba de agua cuando cayeron y murieron asfixiados y ahogados; la Vicefiscal\u00eda Regional del Istmo inici\u00f3 las indagatorias correspondientes.<\/p>\n","protected":false},"excerpt":{"rendered":"<p>Redacci\u00f3n\/Zona Roja. Oaxaca de Ju\u00e1rez, Oax., 11 de mayo de 2022.- Tres personas fueron asesinadas&hellip;<\/p>\n","protected":false},"author":2,"featured_media":7500,"comment_status":"closed","ping_status":"open","sticky":false,"template":"","format":"standard","meta":{"_lmt_disableupdate":"","_lmt_disable":"","_jetpack_memberships_contains_paid_content":false,"footnotes":""},"categories":[109],"tags":[1135],"class_list":["post-41028","post","type-post","status-publish","format-standard","has-post-thumbnail","hentry","category-minuto-a-minuto","tag-san-juan-cotzocon-mixe"],"jetpack_featured_media_url":"https:\/\/zonaroja.com.mx\/wp-content\/uploads\/2020\/01\/Escena-del-crimen5.jpg","jetpack_sharing_enabled":true,"_links":{"self":[{"href":"https:\/\/zonaroja.com.mx\/index.php?rest_route=\/wp\/v2\/posts\/41028","targetHints":{"allow":["GET"]}}],"collection":[{"href":"https:\/\/zonaroja.com.mx\/index.php?rest_route=\/wp\/v2\/posts"}],"about":[{"href":"https:\/\/zonaroja.com.mx\/index.php?rest_route=\/wp\/v2\/types\/post"}],"author":[{"embeddable":true,"href":"https:\/\/zonaroja.com.mx\/index.php?rest_route=\/wp\/v2\/users\/2"}],"replies":[{"embeddable":true,"href":"https:\/\/zonaroja.com.mx\/index.php?rest_route=%2Fwp%2Fv2%2Fcomments&post=41028"}],"version-history":[{"count":1,"href":"https:\/\/zonaroja.com.mx\/index.php?rest_route=\/wp\/v2\/posts\/41028\/revisions"}],"predecessor-version":[{"id":41029,"href":"https:\/\/zonaroja.com.mx\/index.php?rest_route=\/wp\/v2\/posts\/41028\/revisions\/41029"}],"wp:featuredmedia":[{"embeddable":true,"href":"https:\/\/zonaroja.com.mx\/index.php?rest_route=\/wp\/v2\/media\/7500"}],"wp:attachment":[{"href":"https:\/\/zonaroja.com.mx\/index.php?rest_route=%2Fwp%2Fv2%2Fmedia&parent=41028"}],"wp:term":[{"taxonomy":"category","embeddable":true,"href":"https:\/\/zonaroja.com.mx\/index.php?rest_route=%2Fwp%2Fv2%2Fcategories&post=41028"},{"taxonomy":"post_tag","embeddable":true,"href":"https:\/\/zonaroja.com.mx\/index.php?rest_route=%2Fwp%2Fv2%2Ftags&post=41028"}],"curies":[{"name":"wp","href":"https:\/\/api.w.org\/{rel}","templated":true}]}}