{"id":41031,"date":"2022-05-11T10:29:20","date_gmt":"2022-05-11T15:29:20","guid":{"rendered":"https:\/\/www.zonaroja.com.mx\/?p=41031"},"modified":"2022-05-11T10:29:23","modified_gmt":"2022-05-11T15:29:23","slug":"asesinan-a-balazos-a-una-menor-de-edad-en-comunidad-istmena-de-oaxaca","status":"publish","type":"post","link":"https:\/\/zonaroja.com.mx\/?p=41031","title":{"rendered":"Asesinan a balazos a una menor de edad en comunidad istme\u00f1a de Oaxaca"},"content":{"rendered":"\n<p>Ismael Garc\u00eda M.\/Zona Roja.<\/p>\n\n\n\n<p>Oaxaca de Ju\u00e1rez, Oax., 11 de mayo de 2022.- A 15 d\u00edas de la tortura y asesinato de una mujer adulta, una menor de edad fue ultimada a balazos en San Francisco del Mar, municipio de la regi\u00f3n del Istmo &nbsp;de Tehuantepec, Oaxaca.<\/p>\n\n\n\n<p>De acuerdo con los primeros informes, el crimen se perpetr\u00f3 la madrugada de hoy en un domicilio particular, por parte de sujetos armados, en que adem\u00e1s resultaron lesionadas dos personas, un menor y un adulto.&nbsp;<\/p>\n\n\n\n<p>Uno de los probables autores del ataque fue identificado como \u201cG\u00fcicho\u201d, seg\u00fan los vecinos, quien se\u00f1alan de utilizar una camioneta tipo Ford, modelo F150, color roja; ser\u00edan al menos 10 sujetos quienes a bordo de dos unidades dispararon en el domicilio de la colonia 12 de Octubre.&nbsp;<\/p>\n\n\n\n<p>La v\u00edctima fue identificada de manera preliminar como Martha Elena Z. S., de aproximadamente 13 a\u00f1os de edad; los heridos el menor Miguel, de 10 a\u00f1os, y el adulto mayor Ces\u00e1reo S. M.&nbsp;<\/p>\n\n\n\n<p>La Fiscal\u00eda General del Estado de Oaxaca inform\u00f3 ayer envi\u00f3 a la zona un equipo multidisciplinario, a fin de indagar el homicidio bajo los protocolos de feminicidio.&nbsp;<\/p>\n\n\n\n<p> Apenas el pasado 25 de abril, fue localizado el cuerpo de una mujer en un camino que conduce de San Francisco del Mar, comunidad huave, hacia la localidad de Zopilote, municipio de Reforma de Pineda y la v\u00edctima presentaba huellas de tortura. <\/p>\n","protected":false},"excerpt":{"rendered":"<p>Ismael Garc\u00eda M.\/Zona Roja. Oaxaca de Ju\u00e1rez, Oax., 11 de mayo de 2022.- A 15&hellip;<\/p>\n","protected":false},"author":2,"featured_media":41030,"comment_status":"closed","ping_status":"open","sticky":false,"template":"","format":"standard","meta":{"_lmt_disableupdate":"","_lmt_disable":"","_jetpack_memberships_contains_paid_content":false,"footnotes":""},"categories":[109,51],"tags":[],"class_list":["post-41031","post","type-post","status-publish","format-standard","has-post-thumbnail","hentry","category-minuto-a-minuto","category-zona-roja"],"jetpack_featured_media_url":"https:\/\/zonaroja.com.mx\/wp-content\/uploads\/2022\/05\/060ba2b3-ea0b-44ff-b8e7-d12b47fbfe8b.jpg","jetpack_sharing_enabled":true,"_links":{"self":[{"href":"https:\/\/zonaroja.com.mx\/index.php?rest_route=\/wp\/v2\/posts\/41031","targetHints":{"allow":["GET"]}}],"collection":[{"href":"https:\/\/zonaroja.com.mx\/index.php?rest_route=\/wp\/v2\/posts"}],"about":[{"href":"https:\/\/zonaroja.com.mx\/index.php?rest_route=\/wp\/v2\/types\/post"}],"author":[{"embeddable":true,"href":"https:\/\/zonaroja.com.mx\/index.php?rest_route=\/wp\/v2\/users\/2"}],"replies":[{"embeddable":true,"href":"https:\/\/zonaroja.com.mx\/index.php?rest_route=%2Fwp%2Fv2%2Fcomments&post=41031"}],"version-history":[{"count":1,"href":"https:\/\/zonaroja.com.mx\/index.php?rest_route=\/wp\/v2\/posts\/41031\/revisions"}],"predecessor-version":[{"id":41032,"href":"https:\/\/zonaroja.com.mx\/index.php?rest_route=\/wp\/v2\/posts\/41031\/revisions\/41032"}],"wp:featuredmedia":[{"embeddable":true,"href":"https:\/\/zonaroja.com.mx\/index.php?rest_route=\/wp\/v2\/media\/41030"}],"wp:attachment":[{"href":"https:\/\/zonaroja.com.mx\/index.php?rest_route=%2Fwp%2Fv2%2Fmedia&parent=41031"}],"wp:term":[{"taxonomy":"category","embeddable":true,"href":"https:\/\/zonaroja.com.mx\/index.php?rest_route=%2Fwp%2Fv2%2Fcategories&post=41031"},{"taxonomy":"post_tag","embeddable":true,"href":"https:\/\/zonaroja.com.mx\/index.php?rest_route=%2Fwp%2Fv2%2Ftags&post=41031"}],"curies":[{"name":"wp","href":"https:\/\/api.w.org\/{rel}","templated":true}]}}