{"id":41034,"date":"2022-05-11T14:25:21","date_gmt":"2022-05-11T19:25:21","guid":{"rendered":"https:\/\/www.zonaroja.com.mx\/?p=41034"},"modified":"2022-05-11T14:25:24","modified_gmt":"2022-05-11T19:25:24","slug":"ecocidio-en-rio-de-sierra-norte-de-oaxaca-deriva-en-violencia-contra-habitantes-y-defensores","status":"publish","type":"post","link":"https:\/\/zonaroja.com.mx\/?p=41034","title":{"rendered":"Ecocidio en r\u00edo de Sierra Norte de Oaxaca deriva en violencia contra habitantes y defensores"},"content":{"rendered":"\n<p>Yuridiana Sosa\/Zona Roja<\/p>\n\n\n\n<p>Oaxaca de Ju\u00e1rez, Oax., 11 de mayo de 2022.-  Habitantes de la agencia San Pedro Nolasco, del municipio de Santiago Xiacu\u00ed, denunciaron agresiones de parte de sus propias autoridades comunitarias y municipales de Capul\u00e1lpam de M\u00e9ndez, por tratar de impedir el saqueo de material p\u00e9treo que est\u00e1 destruyendo al r\u00edo de su comunidad.<\/p>\n\n\n\n<p>Desde hace m\u00e1s de dos a\u00f1os, la comunidad, defensora del r\u00edo al ser su fuente de agua, ha sufrido de la extracci\u00f3n ilegal de recursos p\u00e9treos que hoy mantienen a este espacio es un grave deterioro, con signos de sequ\u00eda. <\/p>\n\n\n\n<p>La protecci\u00f3n por su r\u00edo ha derivado en agresiones, como las registradas el pasado 8 de mayo, cuando autoridades y habitantes de Santiago Xiacui y Capul\u00e1lpam de M\u00e9ndez llegaron de forma violenta, armados con machetes y palos, para continuar con la extracci\u00f3n del recurso.&nbsp;<\/p>\n\n\n\n<p>En conferencia de prensa, frente a oficinas de la Procuradur\u00eda Federal de Protecci\u00f3n al Ambiente (Profepa), en la capital del estado, la agente municipal de San Pedro Nolasco, Concepci\u00f3n Luna Leyva, explic\u00f3 que ese d\u00eda un grupo de unos 15 habitantes de la agencia, donde se ubica el r\u00edo, lleg\u00f3 para cerrarle el paso a una maquinaria, lo que provoc\u00f3 la violencia del grupo ajeno a la comunidad.&nbsp;<\/p>\n\n\n\n<p>Pues, esta ha sido la manera en que las autoridades tienen este recurso para la ejecuci\u00f3n de algunas obras, tal como ocurri\u00f3 con un trabajo carretero de Santiago Xiacui, hace dos a\u00f1os.<\/p>\n\n\n\n<p>AUTORIDADES OMISAS<\/p>\n\n\n\n<p>La extracci\u00f3n y da\u00f1os al r\u00edo los reportaron y demandaron intervenci\u00f3n ante la Comisi\u00f3n Nacional del Agua (Conagua),  en su delegaci\u00f3n Golfo-Pac\u00edfico, quien nunca ofreci\u00f3 una respuesta.<\/p>\n\n\n\n<p>As\u00ed tambi\u00e9n, acudieron a la Secretar\u00eda del Medio Ambiente, Energ\u00edas y Desarrollo Sustentable de Oaxaca (Semaedeso), que s\u00f3lo remiti\u00f3 el asunto a la Profepa, autoridad que realiz\u00f3 un estudio en el lugar y determin\u00f3 el grave da\u00f1o por la destrucci\u00f3n de la zona, pero no realiz\u00f3 m\u00e1s acciones.<\/p>\n\n\n\n<p>Los habitantes responsabilizan al gobierno del estado por la situaci\u00f3n que ahora se torn\u00f3 en violencia, pues el comisionado del municipio ten\u00eda conocimiento y tampoco detuvo a las autoridades comunales.<\/p>\n\n\n\n<p>Este escenario enciende las alarmas en la comunidad de San Pedro Nolasco ante el temor de volver a ser agredidos, pero sobre todo, que el da\u00f1o a su r\u00edo contin\u00fae y se queden sin agua.<\/p>\n","protected":false},"excerpt":{"rendered":"<p>Yuridiana Sosa\/Zona Roja Oaxaca de Ju\u00e1rez, Oax., 11 de mayo de 2022.- Habitantes de la&hellip;<\/p>\n","protected":false},"author":2,"featured_media":41033,"comment_status":"closed","ping_status":"open","sticky":false,"template":"","format":"standard","meta":{"_lmt_disableupdate":"","_lmt_disable":"","_jetpack_memberships_contains_paid_content":false,"footnotes":""},"categories":[1],"tags":[],"class_list":["post-41034","post","type-post","status-publish","format-standard","has-post-thumbnail","hentry","category-sin-categoria"],"jetpack_featured_media_url":"https:\/\/zonaroja.com.mx\/wp-content\/uploads\/2022\/05\/9f61f6c4-1f9e-4e23-b0a4-df274f27b656.jpg","jetpack_sharing_enabled":true,"_links":{"self":[{"href":"https:\/\/zonaroja.com.mx\/index.php?rest_route=\/wp\/v2\/posts\/41034","targetHints":{"allow":["GET"]}}],"collection":[{"href":"https:\/\/zonaroja.com.mx\/index.php?rest_route=\/wp\/v2\/posts"}],"about":[{"href":"https:\/\/zonaroja.com.mx\/index.php?rest_route=\/wp\/v2\/types\/post"}],"author":[{"embeddable":true,"href":"https:\/\/zonaroja.com.mx\/index.php?rest_route=\/wp\/v2\/users\/2"}],"replies":[{"embeddable":true,"href":"https:\/\/zonaroja.com.mx\/index.php?rest_route=%2Fwp%2Fv2%2Fcomments&post=41034"}],"version-history":[{"count":1,"href":"https:\/\/zonaroja.com.mx\/index.php?rest_route=\/wp\/v2\/posts\/41034\/revisions"}],"predecessor-version":[{"id":41035,"href":"https:\/\/zonaroja.com.mx\/index.php?rest_route=\/wp\/v2\/posts\/41034\/revisions\/41035"}],"wp:featuredmedia":[{"embeddable":true,"href":"https:\/\/zonaroja.com.mx\/index.php?rest_route=\/wp\/v2\/media\/41033"}],"wp:attachment":[{"href":"https:\/\/zonaroja.com.mx\/index.php?rest_route=%2Fwp%2Fv2%2Fmedia&parent=41034"}],"wp:term":[{"taxonomy":"category","embeddable":true,"href":"https:\/\/zonaroja.com.mx\/index.php?rest_route=%2Fwp%2Fv2%2Fcategories&post=41034"},{"taxonomy":"post_tag","embeddable":true,"href":"https:\/\/zonaroja.com.mx\/index.php?rest_route=%2Fwp%2Fv2%2Ftags&post=41034"}],"curies":[{"name":"wp","href":"https:\/\/api.w.org\/{rel}","templated":true}]}}