{"id":41036,"date":"2022-05-11T15:58:56","date_gmt":"2022-05-11T20:58:56","guid":{"rendered":"http:\/\/www.zonaroja.com.mx\/?p=41036"},"modified":"2022-05-11T15:58:59","modified_gmt":"2022-05-11T20:58:59","slug":"inicia-fiscalia-indagatoria-por-el-encarcelamiento-de-dos-borregos-en-oaxaca","status":"publish","type":"post","link":"https:\/\/zonaroja.com.mx\/?p=41036","title":{"rendered":"Inicia Fiscal\u00eda indagatoria por el encarcelamiento de dos borregos en Oaxaca"},"content":{"rendered":"\n<p>Redacci\u00f3n\/Zona Roja.<\/p>\n\n\n\n<p>Oaxaca de Ju\u00e1rez, Oax., 11 de mayo de 2022.- Tras la denuncia en redes sociales del encarcelamiento de dos borregos en la comunidad de Santa Catarina Yosont\u00fa, la Fiscal\u00eda General del Estado de Oaxaca inici\u00f3 una Carpeta de Investigaci\u00f3n&nbsp;<\/p>\n\n\n\n<p>Bajo el expediente 166444\/FMIX\/CODDI-TLAXIACO\/2022, indaga el delito de Crueldad Animal, luego de que dos animales vertebrados (borregos) fueron encerrados en la c\u00e1rcel municipal.<\/p>\n\n\n\n<p>La instituci\u00f3n inform\u00f3 en un comunicado que se busca saber si existe responsabilidad legal por estos hechos ocurridos en dicha comunidad de la regi\u00f3n Mixteca.<\/p>\n\n\n\n<p>Y es que a inicios de semana se dio a conocer que dos borregos fueron encarcelados en Yosonot\u00fa por haber comido pasto sembrado en la parcela del albergue Ignacio Zaragoza, de dicha localidad.<\/p>\n\n\n\n<p>La due\u00f1a de los ovinos se\u00f1al\u00f3 que desde ayer, el S\u00edndico Municipal los encarcel\u00f3 y no han podido darles agua y comida, por lo que decidieron denunciar, ante el miedo de que los borregos mueran en la c\u00e1rcel por falta de alimento.<\/p>\n\n\n\n<p>Adem\u00e1s, expuso que fueron intimidadas, toda vez que si exhib\u00edan la situaci\u00f3n, la autoridad municipal tomar\u00eda represalias en contra de su familia.<\/p>\n\n\n\n<p>La due\u00f1a y sus hijos menores de edad pidieron apoyo, para que se sensibilicen a las autoridades de Yosonot\u00fa, tras lo cual intervino la Fiscal\u00eda General.<\/p>\n","protected":false},"excerpt":{"rendered":"<p>Redacci\u00f3n\/Zona Roja. Oaxaca de Ju\u00e1rez, Oax., 11 de mayo de 2022.- Tras la denuncia en&hellip;<\/p>\n","protected":false},"author":2,"featured_media":41037,"comment_status":"closed","ping_status":"open","sticky":false,"template":"","format":"standard","meta":{"_lmt_disableupdate":"","_lmt_disable":"","_jetpack_memberships_contains_paid_content":false,"footnotes":""},"categories":[109,46],"tags":[3134],"class_list":["post-41036","post","type-post","status-publish","format-standard","has-post-thumbnail","hentry","category-minuto-a-minuto","category-zona-blanca","tag-santa-catarina-yosonotu-2"],"jetpack_featured_media_url":"https:\/\/zonaroja.com.mx\/wp-content\/uploads\/2022\/05\/Borregos-encarcelados-Yosonotu.jpeg","jetpack_sharing_enabled":true,"_links":{"self":[{"href":"https:\/\/zonaroja.com.mx\/index.php?rest_route=\/wp\/v2\/posts\/41036","targetHints":{"allow":["GET"]}}],"collection":[{"href":"https:\/\/zonaroja.com.mx\/index.php?rest_route=\/wp\/v2\/posts"}],"about":[{"href":"https:\/\/zonaroja.com.mx\/index.php?rest_route=\/wp\/v2\/types\/post"}],"author":[{"embeddable":true,"href":"https:\/\/zonaroja.com.mx\/index.php?rest_route=\/wp\/v2\/users\/2"}],"replies":[{"embeddable":true,"href":"https:\/\/zonaroja.com.mx\/index.php?rest_route=%2Fwp%2Fv2%2Fcomments&post=41036"}],"version-history":[{"count":1,"href":"https:\/\/zonaroja.com.mx\/index.php?rest_route=\/wp\/v2\/posts\/41036\/revisions"}],"predecessor-version":[{"id":41038,"href":"https:\/\/zonaroja.com.mx\/index.php?rest_route=\/wp\/v2\/posts\/41036\/revisions\/41038"}],"wp:featuredmedia":[{"embeddable":true,"href":"https:\/\/zonaroja.com.mx\/index.php?rest_route=\/wp\/v2\/media\/41037"}],"wp:attachment":[{"href":"https:\/\/zonaroja.com.mx\/index.php?rest_route=%2Fwp%2Fv2%2Fmedia&parent=41036"}],"wp:term":[{"taxonomy":"category","embeddable":true,"href":"https:\/\/zonaroja.com.mx\/index.php?rest_route=%2Fwp%2Fv2%2Fcategories&post=41036"},{"taxonomy":"post_tag","embeddable":true,"href":"https:\/\/zonaroja.com.mx\/index.php?rest_route=%2Fwp%2Fv2%2Ftags&post=41036"}],"curies":[{"name":"wp","href":"https:\/\/api.w.org\/{rel}","templated":true}]}}