{"id":41039,"date":"2022-05-11T16:03:45","date_gmt":"2022-05-11T21:03:45","guid":{"rendered":"http:\/\/www.zonaroja.com.mx\/?p=41039"},"modified":"2022-05-11T17:46:49","modified_gmt":"2022-05-11T22:46:49","slug":"madres-de-oaxaca-demandan-tipificacion-de-la-violencia-vicaria-en-el-codigo-penal-y-civil","status":"publish","type":"post","link":"https:\/\/zonaroja.com.mx\/?p=41039","title":{"rendered":"Madres de Oaxaca demandan tipificaci\u00f3n de la violencia vicaria en el C\u00f3digo Penal y Civil"},"content":{"rendered":"\n<p>Yuridiana Sosa\/Zona Roja.<\/p>\n\n\n\n<p>Oaxaca de Ju\u00e1rez, Oax., 11 de mayo de 2022.- Por m\u00e1s de 520 d\u00edas ,Valentina est\u00e1 lejos de su madre al ser llevada a vivir con su padre, sin consentimiento de su progenitora, quien denuncia ser v\u00edctima de violencia vicaria por parte de su ex pareja, con el fin de controlarla ante procesos de juicios iniciados en Oaxaca.<\/p>\n\n\n\n<p>Como este caso, que sufre Iliana Acevedo, hay cientos m\u00e1s en M\u00e9xico y en Oaxaca por los que no hay justicia al no estar registrados como un delito.<\/p>\n\n\n\n<p>Por eso, mujeres v\u00edctimas de esta violencia en la entidad se manifestaron este mi\u00e9rcoles, declarado como \u201cD\u00eda de lucha contra la violencia vicaria\u201d.<\/p>\n\n\n\n<p>Representantes del Frente Nacional contra la Violencia Vicaria, en Oaxaca, presentaron el pasado 3 de mayo a la 65 Legislatura del Congreso estatal una iniciativa de ley para a\u00f1adir esta violencia en las formas de violencia contra las mujeres y tipificar dicho delito en el C\u00f3digo Penal y Civil de Oaxaca.<\/p>\n\n\n\n<p>En conferencia de prensa, en la \u201cantimonumenta\u201d en la fuente Ocho Regiones de la capital, abogadas, v\u00edctimas y representantes de las madres explicaron que esta violencia se registra cuando una persona, en la mayor\u00eda de los casos el padre, act\u00faa contra sus hijos con el objetivo de causar da\u00f1o a la madre; lo cual implica la sustracci\u00f3n del menor lejos de la madre y que puede llegar hasta el asesinato de los v\u00e1stagos.<\/p>\n\n\n\n<figure class=\"wp-block-embed is-type-rich is-provider-twitter wp-block-embed-twitter\"><div class=\"wp-block-embed__wrapper\">\n<div class=\"twitter-tweet\"><blockquote class=\"twitter-tweet\" data-lang=\"es\"><p lang=\"es\" dir=\"ltr\"><a href=\"https:\/\/twitter.com\/hashtag\/ENVIVO?src=hash&amp;ref_src=twsrc%5Etfw\">#ENVIVO<\/a> <br>Oaxaca de Ju\u00e1rez, Oax., 11 de mayo de 2022.- Conferencia de prensa sobre violencia vicar\u00eda en <a href=\"https:\/\/twitter.com\/hashtag\/Oaxaca?src=hash&amp;ref_src=twsrc%5Etfw\">#Oaxaca<\/a>.<br>Exigen al Congreso del Estado tipificar este delito. <br><br>Siga aqu\u00ed la transmisi\u00f3n:<br>\ud83d\udc47<a href=\"https:\/\/t.co\/RD7XwHc0p4\">https:\/\/t.co\/RD7XwHc0p4<\/a> <a href=\"https:\/\/t.co\/6Z3c4MBpzl\">pic.twitter.com\/6Z3c4MBpzl<\/a><\/p>&mdash; Zona Roja Oaxaca (@ZonaRoja_Oaxaca) <a href=\"https:\/\/twitter.com\/ZonaRoja_Oaxaca\/status\/1524443056702775297?ref_src=twsrc%5Etfw\">11 de mayo de 2022<\/a><\/blockquote><\/div>\n<\/div><\/figure>\n\n\n\n<p>La red de mujeres propuso al Congreso de Oaxaca a\u00f1adir que: \u201cla violencia vicaria es toda acci\u00f3n u omisi\u00f3n dolosa contra la mujer que ejerce el hombre por s\u00ed o por otra persona, utilizando como medio a las hijos o hijas, producto de la a relaci\u00f3n con el c\u00f3nyuge, ex c\u00f3nyuge, concubina, ex concubina, pareja o ex pareja, o contra otras personas significativas para ellas, con el objeto de causar a la madre un da\u00f1o, control o manipulaci\u00f3n\u201d.<\/p>\n\n\n\n<p>Iliana Acevedo expuso que en su caso la violencia vicaria comenz\u00f3 desde el momento que ella present\u00f3 la demanda para una pensi\u00f3n alimenticia para sus dos hijos, por lo que el padre actu\u00f3 por medio de su hija.<\/p>\n\n\n\n<p>Su caso, refiere, no tiene el tratamiento jur\u00eddico debido y tambi\u00e9n se\u00f1al\u00f3 irregularidades en la Fiscal\u00eda General de Oaxaca y por parte de una juez de nombre Sonia V\u00e1zquez.<\/p>\n\n\n\n<p>A su vez la abogada Mar\u00eda Fernanda L\u00f3pez apunt\u00f3 que en Oaxaca los ministerios p\u00fablicos no aceptan estas denuncias por referir que el hijo o hija no est\u00e1n en peligro al encontrarse con su padre.<\/p>\n\n\n\n<p>En Oaxaca no existe un registro exacto de las mujeres sufren esta violencia, pues tampoco saben que la viven, mientras que a nivel nacional al menos 300 casos se han oficializado ante el Frente Nacional.<\/p>\n\n\n\n<p>Las mujeres demandaron al Congreso de Oaxaca atender esta petici\u00f3n con prontitud, pues son cada vez m\u00e1s casos los que surgen y no hay ley por la que se pueda castigar.&nbsp;<\/p>\n","protected":false},"excerpt":{"rendered":"<p>Yuridiana Sosa\/Zona Roja. Oaxaca de Ju\u00e1rez, Oax., 11 de mayo de 2022.- Por m\u00e1s de&hellip;<\/p>\n","protected":false},"author":2,"featured_media":41041,"comment_status":"closed","ping_status":"open","sticky":false,"template":"","format":"standard","meta":{"_lmt_disableupdate":"","_lmt_disable":"","_jetpack_memberships_contains_paid_content":false,"footnotes":""},"categories":[109,47],"tags":[],"class_list":["post-41039","post","type-post","status-publish","format-standard","has-post-thumbnail","hentry","category-minuto-a-minuto","category-zona-gris"],"jetpack_featured_media_url":"https:\/\/zonaroja.com.mx\/wp-content\/uploads\/2022\/05\/660748c3-a634-4d98-bb70-fc5a9b218fcd.jpg","jetpack_sharing_enabled":true,"_links":{"self":[{"href":"https:\/\/zonaroja.com.mx\/index.php?rest_route=\/wp\/v2\/posts\/41039","targetHints":{"allow":["GET"]}}],"collection":[{"href":"https:\/\/zonaroja.com.mx\/index.php?rest_route=\/wp\/v2\/posts"}],"about":[{"href":"https:\/\/zonaroja.com.mx\/index.php?rest_route=\/wp\/v2\/types\/post"}],"author":[{"embeddable":true,"href":"https:\/\/zonaroja.com.mx\/index.php?rest_route=\/wp\/v2\/users\/2"}],"replies":[{"embeddable":true,"href":"https:\/\/zonaroja.com.mx\/index.php?rest_route=%2Fwp%2Fv2%2Fcomments&post=41039"}],"version-history":[{"count":1,"href":"https:\/\/zonaroja.com.mx\/index.php?rest_route=\/wp\/v2\/posts\/41039\/revisions"}],"predecessor-version":[{"id":41040,"href":"https:\/\/zonaroja.com.mx\/index.php?rest_route=\/wp\/v2\/posts\/41039\/revisions\/41040"}],"wp:featuredmedia":[{"embeddable":true,"href":"https:\/\/zonaroja.com.mx\/index.php?rest_route=\/wp\/v2\/media\/41041"}],"wp:attachment":[{"href":"https:\/\/zonaroja.com.mx\/index.php?rest_route=%2Fwp%2Fv2%2Fmedia&parent=41039"}],"wp:term":[{"taxonomy":"category","embeddable":true,"href":"https:\/\/zonaroja.com.mx\/index.php?rest_route=%2Fwp%2Fv2%2Fcategories&post=41039"},{"taxonomy":"post_tag","embeddable":true,"href":"https:\/\/zonaroja.com.mx\/index.php?rest_route=%2Fwp%2Fv2%2Ftags&post=41039"}],"curies":[{"name":"wp","href":"https:\/\/api.w.org\/{rel}","templated":true}]}}