{"id":41042,"date":"2022-05-11T20:15:12","date_gmt":"2022-05-12T01:15:12","guid":{"rendered":"http:\/\/www.zonaroja.com.mx\/?p=41042"},"modified":"2022-05-11T20:16:16","modified_gmt":"2022-05-12T01:16:16","slug":"hasta-migrantes-centroamericanos-realizan-bloqueos-en-oaxaca","status":"publish","type":"post","link":"https:\/\/zonaroja.com.mx\/?p=41042","title":{"rendered":"Hasta migrantes centroamericanos realizan bloqueos en Oaxaca"},"content":{"rendered":"\n<p>Ismael Garc\u00eda M.\/Zona Roja.<\/p>\n\n\n\n<p>Oaxaca de Ju\u00e1rez, Oax., 11 de mayo de 2022.- Tras acusar hostigamiento y malos tratos por parte del Instituto Nacional de Migraci\u00f3n (INM), migrantes centroamericanos escaparon de las instalaciones de ese organismo federal y bloquearon temporalmente una carretera al sur de la capital de Oaxaca.<\/p>\n\n\n\n<p>Alrededor de las 17:00 horas comenzaron a difundir un video en el interior del INM, sede ubicada a un costado de la v\u00eda federal 175 Oaxaca-Puerto \u00c1ngel, a la altura del municipio de San Agust\u00edn de las Juntas.<\/p>\n\n\n\n<p>Tras ello, al menos 50 de ellos lograron escapar e instalar un bloqueo en dicha vialidad, casi en el cruce con el acceso al aeropuerto internacional de Oaxaca.<\/p>\n\n\n\n<p>En un r\u00e1pido operativo de la Secretar\u00eda de Seguridad P\u00fablica, a trav\u00e9s de la Polic\u00eda Estatal y la Polic\u00eda Vial, en coordinaci\u00f3n con la Guardia Nacional, lograron \u201cencapsular\u201d a los migrantes.<\/p>\n\n\n\n<p>Tras ello retiraron el bloqueo carretero y comenzaron a ingresarlos, sin violencia, a las instalaciones del INM; el organismo federal se neg\u00f3 a proporcionar informaci\u00f3n acerca del n\u00famero de indocumentados y el procedimiento que continuar\u00e1.<\/p>\n\n\n\n<figure class=\"wp-block-embed is-type-rich is-provider-twitter wp-block-embed-twitter\"><div class=\"wp-block-embed__wrapper\">\n<div class=\"twitter-tweet\"><blockquote class=\"twitter-tweet\" data-lang=\"es\"><p lang=\"es\" dir=\"ltr\"><a href=\"https:\/\/twitter.com\/hashtag\/%C3%9AltimoMinuto?src=hash&amp;ref_src=twsrc%5Etfw\">#\u00daltimoMinuto<\/a> <br>Con apoyo de polic\u00edas de la <a href=\"https:\/\/twitter.com\/SSP_GobOax?ref_src=twsrc%5Etfw\">@SSP_GobOax<\/a> y de la <a href=\"https:\/\/twitter.com\/GN_MEXICO_?ref_src=twsrc%5Etfw\">@GN_MEXICO_<\/a>, lograr reingresar a los migrantes indocumentados a la sede del <a href=\"https:\/\/twitter.com\/INAMI_mx?ref_src=twsrc%5Etfw\">@INAMI_mx<\/a>, al sur de la capital de Oaxaca; se libera la carretera a la Costa, en el crucero del aeropuerto internacional. <a href=\"https:\/\/t.co\/IGYFKkpbTc\">pic.twitter.com\/IGYFKkpbTc<\/a><\/p>&mdash; Zona Roja Oaxaca (@ZonaRoja_Oaxaca) <a href=\"https:\/\/twitter.com\/ZonaRoja_Oaxaca\/status\/1524548863436152832?ref_src=twsrc%5Etfw\">12 de mayo de 2022<\/a><\/blockquote><\/div>\n<\/div><\/figure>\n","protected":false},"excerpt":{"rendered":"<p>Ismael Garc\u00eda M.\/Zona Roja. Oaxaca de Ju\u00e1rez, Oax., 11 de mayo de 2022.- Tras acusar&hellip;<\/p>\n","protected":false},"author":2,"featured_media":41044,"comment_status":"closed","ping_status":"open","sticky":false,"template":"","format":"standard","meta":{"_lmt_disableupdate":"","_lmt_disable":"","_jetpack_memberships_contains_paid_content":false,"footnotes":""},"categories":[109,47],"tags":[204],"class_list":["post-41042","post","type-post","status-publish","format-standard","has-post-thumbnail","hentry","category-minuto-a-minuto","category-zona-gris","tag-instituto-nacional-de-migracion"],"jetpack_featured_media_url":"https:\/\/zonaroja.com.mx\/wp-content\/uploads\/2022\/05\/d7e974a4-2352-4f45-af70-77e3af326892.jpg","jetpack_sharing_enabled":true,"_links":{"self":[{"href":"https:\/\/zonaroja.com.mx\/index.php?rest_route=\/wp\/v2\/posts\/41042","targetHints":{"allow":["GET"]}}],"collection":[{"href":"https:\/\/zonaroja.com.mx\/index.php?rest_route=\/wp\/v2\/posts"}],"about":[{"href":"https:\/\/zonaroja.com.mx\/index.php?rest_route=\/wp\/v2\/types\/post"}],"author":[{"embeddable":true,"href":"https:\/\/zonaroja.com.mx\/index.php?rest_route=\/wp\/v2\/users\/2"}],"replies":[{"embeddable":true,"href":"https:\/\/zonaroja.com.mx\/index.php?rest_route=%2Fwp%2Fv2%2Fcomments&post=41042"}],"version-history":[{"count":1,"href":"https:\/\/zonaroja.com.mx\/index.php?rest_route=\/wp\/v2\/posts\/41042\/revisions"}],"predecessor-version":[{"id":41043,"href":"https:\/\/zonaroja.com.mx\/index.php?rest_route=\/wp\/v2\/posts\/41042\/revisions\/41043"}],"wp:featuredmedia":[{"embeddable":true,"href":"https:\/\/zonaroja.com.mx\/index.php?rest_route=\/wp\/v2\/media\/41044"}],"wp:attachment":[{"href":"https:\/\/zonaroja.com.mx\/index.php?rest_route=%2Fwp%2Fv2%2Fmedia&parent=41042"}],"wp:term":[{"taxonomy":"category","embeddable":true,"href":"https:\/\/zonaroja.com.mx\/index.php?rest_route=%2Fwp%2Fv2%2Fcategories&post=41042"},{"taxonomy":"post_tag","embeddable":true,"href":"https:\/\/zonaroja.com.mx\/index.php?rest_route=%2Fwp%2Fv2%2Ftags&post=41042"}],"curies":[{"name":"wp","href":"https:\/\/api.w.org\/{rel}","templated":true}]}}