{"id":41049,"date":"2022-05-11T21:52:22","date_gmt":"2022-05-12T02:52:22","guid":{"rendered":"http:\/\/www.zonaroja.com.mx\/?p=41049"},"modified":"2022-05-11T22:41:21","modified_gmt":"2022-05-12T03:41:21","slug":"participa-oaxaca-en-cumbre-binacional-de-fiscales-generales-de-mexico-y-eu","status":"publish","type":"post","link":"https:\/\/zonaroja.com.mx\/?p=41049","title":{"rendered":"Participa Oaxaca en Cumbre Binacional de Fiscales Generales de M\u00e9xico y EU"},"content":{"rendered":"\n<p>Redacci\u00f3n\/Zona Roja.<\/p>\n\n\n\n<p>Oaxaca de Ju\u00e1rez, Oax., 11 de mayo de 2022.- Con la finalidad de promover el intercambio de experiencias entre titulares de instituciones de procuraci\u00f3n de justicia de M\u00e9xico y Estados Unidos de Norteam\u00e9rica, el fiscal General del Estado de Oaxaca, Arturo Peimbert Calvo, participa en la Cumbre Binacional US\/M\u00e9xico de Fiscales Generales (US\/Mexico Binational Attorney General Summit, en ingl\u00e9s), organizada por la Attorney General Alliance (Alianza de Fiscales Generales), realizada en Phoenix, Arizona.<\/p>\n\n\n\n<p>La Cumbre es un foro para fiscales generales estatales de los Estados Unidos y M\u00e9xico, as\u00ed como tambi\u00e9n agencias federales y del sector privado, a fin de compartir experiencias y avances en temas fronterizos.<\/p>\n\n\n\n<p>Los temas que se abordan durante la Cumbre son: el Tratado de Asistencia Legal Mutua y Procedimientos de Extradici\u00f3n; Trata de Personas; La Legalizaci\u00f3n del Cannabis en EE. UU. y su Impacto en el Mercado de Drogas Ilegales y Coaliciones p\u00fablico-privadas: cr\u00edticas en la lucha contra el flujo de mercanc\u00edas il\u00edcitas.<\/p>\n\n\n\n<p>Al respecto, el fiscal General de Oaxaca, expres\u00f3 que participar en estos foros eleva el perfil y capacidades operativas de las Instituciones de procuraci\u00f3n de justicia de ambas naciones, lo que permitir\u00e1 generar acciones concretas en temas de seguridad fronteriza y para combatir delitos como la trata de personas y que atentan contra la salud de la ciudadan\u00eda.<\/p>\n\n\n\n<p>El evento fue presidido por el Embajador de Estados Unidos en M\u00e9xico, Ken Salazar, y cuenta con la participaci\u00f3n de personal del Departamento de Justicia de Estados Unidos, de la casa productora de largometrajes sobre trata de personas After Eden Pictures, personal del Grupo de trabajo sobre trata de personas en Estados Unidos, de la Coalici\u00f3n para la Pol\u00edtica, Educaci\u00f3n y Regulaci\u00f3n del Cannabis y de la Oficina del Fiscal General de los Estados Unidos.<\/p>\n\n\n\n<figure class=\"wp-block-embed is-type-rich is-provider-twitter wp-block-embed-twitter\"><div class=\"wp-block-embed__wrapper\">\n<div class=\"twitter-tweet\"><blockquote class=\"twitter-tweet\" data-lang=\"es\"><p lang=\"und\" dir=\"ltr\"><a href=\"https:\/\/t.co\/K8jRriiVSS\">pic.twitter.com\/K8jRriiVSS<\/a><\/p>&mdash; Fiscal\u00eda General (@FISCALIA_GobOax) <a href=\"https:\/\/twitter.com\/FISCALIA_GobOax\/status\/1524487373706440706?ref_src=twsrc%5Etfw\">11 de mayo de 2022<\/a><\/blockquote><\/div>\n<\/div><\/figure>\n\n\n\n<p>Fiscales de M\u00e9xico que participan:<\/p>\n\n\n\n<p>1.- Ricardo Iv\u00e1n Carpio S\u00e1nchez &#8211; Baja California<\/p>\n\n\n\n<p>2.- Roberto Javier Fierro Duarte \u2013 Chihuahua<\/p>\n\n\n\n<p>3.- Ernestina Godoy Ramos &#8211; Ciudad de M\u00e9xico<\/p>\n\n\n\n<p>4.- Gerardo M\u00e1rquez Guevara &#8211; Coahuila<\/p>\n\n\n\n<p>5.- Carlos Zamarripa Aguirre &#8211; Guanajuato<\/p>\n\n\n\n<p>6.- Sandra Luz Valdovinos Salmer\u00f3n &#8211; Guerrero<\/p>\n\n\n\n<p>7.- Alejandro Habib Nicol\u00e1s \u2013 Hidalgo<\/p>\n\n\n\n<p>8.- Adri\u00e1n L\u00f3pez Sol\u00eds \u2013 Michoac\u00e1n<\/p>\n\n\n\n<p>9.- Arturo de J\u00e9sus Peimbert Calvo &#8211; Oaxaca<\/p>\n\n\n\n<p>10.- \u00d3scar Rosales Montes de Oca &#8211; Quintana Roo<\/p>\n\n\n\n<p>11.- Jos\u00e9 Luis Ruiz Contreras &#8211; San Luis Potos\u00ed<\/p>\n\n\n\n<p>12.- Indira Contreras C\u00f3rdova \u2013 Sonora<\/p>\n\n\n\n<p>13.- Irving Barrios Mojica \u2013 Tamaulipas<\/p>\n\n\n\n<p>14.- Juan Manuel Le\u00f3n Le\u00f3n &#8211; Yucat\u00e1n<\/p>\n\n\n\n<p>Fiscales de Estados Unidos:<\/p>\n\n\n\n<p>1.- Mark Brnovich &#8211; Arizona<\/p>\n\n\n\n<p>2.- Robert Bonta &#8211; California<\/p>\n\n\n\n<p>3.- Levin Camacho &#8211; Guam<\/p>\n\n\n\n<p>4.- Todd Rokita &#8211; Indiana<\/p>\n\n\n\n<p>5.- Hector Balderas &#8211; Nuevo M\u00e9xico<\/p>\n","protected":false},"excerpt":{"rendered":"<p>Redacci\u00f3n\/Zona Roja. Oaxaca de Ju\u00e1rez, Oax., 11 de mayo de 2022.- Con la finalidad de&hellip;<\/p>\n","protected":false},"author":2,"featured_media":41054,"comment_status":"closed","ping_status":"open","sticky":false,"template":"","format":"standard","meta":{"_lmt_disableupdate":"","_lmt_disable":"","_jetpack_memberships_contains_paid_content":false,"footnotes":""},"categories":[109,46],"tags":[494],"class_list":["post-41049","post","type-post","status-publish","format-standard","has-post-thumbnail","hentry","category-minuto-a-minuto","category-zona-blanca","tag-fiscalia-general-del-estado-de-oaxaca"],"jetpack_featured_media_url":"https:\/\/zonaroja.com.mx\/wp-content\/uploads\/2022\/05\/img_8938.jpg","jetpack_sharing_enabled":true,"_links":{"self":[{"href":"https:\/\/zonaroja.com.mx\/index.php?rest_route=\/wp\/v2\/posts\/41049","targetHints":{"allow":["GET"]}}],"collection":[{"href":"https:\/\/zonaroja.com.mx\/index.php?rest_route=\/wp\/v2\/posts"}],"about":[{"href":"https:\/\/zonaroja.com.mx\/index.php?rest_route=\/wp\/v2\/types\/post"}],"author":[{"embeddable":true,"href":"https:\/\/zonaroja.com.mx\/index.php?rest_route=\/wp\/v2\/users\/2"}],"replies":[{"embeddable":true,"href":"https:\/\/zonaroja.com.mx\/index.php?rest_route=%2Fwp%2Fv2%2Fcomments&post=41049"}],"version-history":[{"count":1,"href":"https:\/\/zonaroja.com.mx\/index.php?rest_route=\/wp\/v2\/posts\/41049\/revisions"}],"predecessor-version":[{"id":41050,"href":"https:\/\/zonaroja.com.mx\/index.php?rest_route=\/wp\/v2\/posts\/41049\/revisions\/41050"}],"wp:featuredmedia":[{"embeddable":true,"href":"https:\/\/zonaroja.com.mx\/index.php?rest_route=\/wp\/v2\/media\/41054"}],"wp:attachment":[{"href":"https:\/\/zonaroja.com.mx\/index.php?rest_route=%2Fwp%2Fv2%2Fmedia&parent=41049"}],"wp:term":[{"taxonomy":"category","embeddable":true,"href":"https:\/\/zonaroja.com.mx\/index.php?rest_route=%2Fwp%2Fv2%2Fcategories&post=41049"},{"taxonomy":"post_tag","embeddable":true,"href":"https:\/\/zonaroja.com.mx\/index.php?rest_route=%2Fwp%2Fv2%2Ftags&post=41049"}],"curies":[{"name":"wp","href":"https:\/\/api.w.org\/{rel}","templated":true}]}}