{"id":41055,"date":"2022-05-12T07:02:03","date_gmt":"2022-05-12T12:02:03","guid":{"rendered":"http:\/\/www.zonaroja.com.mx\/?p=41055"},"modified":"2022-05-12T07:02:06","modified_gmt":"2022-05-12T12:02:06","slug":"despues-de-dos-anos-reanuda-feria-ganadera-en-la-region-de-la-costa","status":"publish","type":"post","link":"https:\/\/zonaroja.com.mx\/?p=41055","title":{"rendered":"Despu\u00e9s de dos a\u00f1os, reanuda feria ganadera en la regi\u00f3n de la Costa"},"content":{"rendered":"\n<p>Redacci\u00f3n\/Zona Roja.<\/p>\n\n\n\n<p>Oaxaca de Ju\u00e1rez, Oax., 12 de mayo de 2022.- Tras dos a\u00f1os de suspensi\u00f3n, debido a la pandemia por Covid-19, ayer se reanud\u00f3 la Expo Ganadera, Agr\u00edcola, Comercial y Artesanal, en R\u00edo Grande, agencia de la Villa de Tututepec.<\/p>\n\n\n\n<p>La actividad se realiza del 11 al 13 de mayo en esta comunidad de la Costa oaxaque\u00f1a, caracterizada por una importante actividad en la producci\u00f3n agropecuaria del estado y que busca impulsar la actividad econ\u00f3mica de la regi\u00f3n y de la entidad.<\/p>\n\n\n\n<p>Fue inaugurada por el gobernador Alejandro Murat Hinojosa, junto con el presidente municipal de Villa de Tututepec, Jesuhandy Alberto Conde G\u00f3mez, y el agente municipal de R\u00edo Grande, Eduardo Alfonzo Conde G\u00f3mez; as\u00ed como de los presidentes de la Asociaci\u00f3n Ganadera Local de R\u00edo Grande, Dagoberto Robles Cuevas y de la Uni\u00f3n Ganadera Regional de la Costa, Antonio Mondrag\u00f3n Cruz.<\/p>\n\n\n\n<p>El mandatario reconoci\u00f3 la labor que realizan las y los productores por este esfuerzo en reunir a diversos sectores productivos de la zona y con ello reactivar la econom\u00eda y colocar a Oaxaca como un faro en el desarrollo econ\u00f3mico de la naci\u00f3n.<\/p>\n\n\n\n<p>\u201cSabemos que las artesan\u00edas y la producci\u00f3n ganadera son un pilar de la econom\u00eda de los pueblos, a trav\u00e9s de una serie de cadenas productivas que han sido, hist\u00f3ricamente, emblemas de esta regi\u00f3n\u201d, destac\u00f3.<\/p>\n\n\n\n<figure class=\"wp-block-embed is-type-rich is-provider-twitter wp-block-embed-twitter\"><div class=\"wp-block-embed__wrapper\">\n<div class=\"twitter-tweet\"><blockquote class=\"twitter-tweet\" data-lang=\"es\"><p lang=\"es\" dir=\"ltr\">Agradezco la calidez con la que me reciben los habitantes de R\u00edo Grande, vamos rumbo a la XXXIV Expo Ganadera. Desde la Costa oaxaque\u00f1a, les env\u00edo un gran saludo. <a href=\"https:\/\/t.co\/We03j2bHec\">pic.twitter.com\/We03j2bHec<\/a><\/p>&mdash; Alejandro Murat (@alejandromurat) <a href=\"https:\/\/twitter.com\/alejandromurat\/status\/1524456353669996545?ref_src=twsrc%5Etfw\">11 de mayo de 2022<\/a><\/blockquote><\/div>\n<\/div><\/figure>\n\n\n\n<p>Se\u00f1al\u00f3 que despu\u00e9s de dos a\u00f1os de haber suspendido este encuentro, por la pandemia del Covid-19, se vuelve a reunir este importante sector que es la fuerza de Oaxaca. \u201cMe llena de orgullo estar nuevamente con mis hermanas y hermanos. \u00a1Que viva R\u00edo Grande!\u201d.<\/p>\n\n\n\n<p>As\u00ed tambi\u00e9n los presidentes de la asociaci\u00f3n y uni\u00f3n ganaderas agradecieron el apoyo que se ha brindado para impulsar esta actividad productiva, la cual es un referente para el desarrollo econ\u00f3mico del estado.<\/p>\n\n\n\n<p>A trav\u00e9s de esta exposici\u00f3n se intercambiar\u00e1n experiencias entre los productores ganadores para actualizarlos en sus conocimientos sobre forraje, sanidad animal, reproducci\u00f3n y transformaci\u00f3n de productos sobre este sector, as\u00ed como se promueven y exhiben las mejores piezas de ganado lo que hace que la actividad econ\u00f3mica local crezca.<\/p>\n\n\n\n<p>Se contar\u00e1 con actividades ganaderas, agr\u00edcolas, comerciales y artesanales de la regi\u00f3n.<\/p>\n\n\n\n<p>LA CABALGATA<\/p>\n\n\n\n<p>Entre las actividades de la Expo Ganadera 2022, se encuentran la primera orde\u00f1a de la vaca lechera, una cabalgata de la amistad, exhibici\u00f3n de caballos bailadores y jaripeo profesional con toros de \u201cRancho Conde\u201d y \u201cRancho San Miguel\u201d, pasarela de ropa estilizada de creaciones JARS y Ave Rara Indumentaria, entre otras actividades.&nbsp;<\/p>\n","protected":false},"excerpt":{"rendered":"<p>Redacci\u00f3n\/Zona Roja. Oaxaca de Ju\u00e1rez, Oax., 12 de mayo de 2022.- Tras dos a\u00f1os de&hellip;<\/p>\n","protected":false},"author":2,"featured_media":41056,"comment_status":"closed","ping_status":"open","sticky":false,"template":"","format":"standard","meta":{"_lmt_disableupdate":"","_lmt_disable":"","_jetpack_memberships_contains_paid_content":false,"footnotes":""},"categories":[109,46],"tags":[173],"class_list":["post-41055","post","type-post","status-publish","format-standard","has-post-thumbnail","hentry","category-minuto-a-minuto","category-zona-blanca","tag-alejandro-murat-hinojosa"],"jetpack_featured_media_url":"https:\/\/zonaroja.com.mx\/wp-content\/uploads\/2022\/05\/Alejandro-Murat-ganaderos-Rio-Grande.jpeg","jetpack_sharing_enabled":true,"_links":{"self":[{"href":"https:\/\/zonaroja.com.mx\/index.php?rest_route=\/wp\/v2\/posts\/41055","targetHints":{"allow":["GET"]}}],"collection":[{"href":"https:\/\/zonaroja.com.mx\/index.php?rest_route=\/wp\/v2\/posts"}],"about":[{"href":"https:\/\/zonaroja.com.mx\/index.php?rest_route=\/wp\/v2\/types\/post"}],"author":[{"embeddable":true,"href":"https:\/\/zonaroja.com.mx\/index.php?rest_route=\/wp\/v2\/users\/2"}],"replies":[{"embeddable":true,"href":"https:\/\/zonaroja.com.mx\/index.php?rest_route=%2Fwp%2Fv2%2Fcomments&post=41055"}],"version-history":[{"count":1,"href":"https:\/\/zonaroja.com.mx\/index.php?rest_route=\/wp\/v2\/posts\/41055\/revisions"}],"predecessor-version":[{"id":41057,"href":"https:\/\/zonaroja.com.mx\/index.php?rest_route=\/wp\/v2\/posts\/41055\/revisions\/41057"}],"wp:featuredmedia":[{"embeddable":true,"href":"https:\/\/zonaroja.com.mx\/index.php?rest_route=\/wp\/v2\/media\/41056"}],"wp:attachment":[{"href":"https:\/\/zonaroja.com.mx\/index.php?rest_route=%2Fwp%2Fv2%2Fmedia&parent=41055"}],"wp:term":[{"taxonomy":"category","embeddable":true,"href":"https:\/\/zonaroja.com.mx\/index.php?rest_route=%2Fwp%2Fv2%2Fcategories&post=41055"},{"taxonomy":"post_tag","embeddable":true,"href":"https:\/\/zonaroja.com.mx\/index.php?rest_route=%2Fwp%2Fv2%2Ftags&post=41055"}],"curies":[{"name":"wp","href":"https:\/\/api.w.org\/{rel}","templated":true}]}}