{"id":4106,"date":"2019-09-19T11:30:34","date_gmt":"2019-09-19T16:30:34","guid":{"rendered":"https:\/\/www.zonaroja.com.mx\/?p=4106"},"modified":"2019-09-19T11:30:35","modified_gmt":"2019-09-19T16:30:35","slug":"acusan-a-diputado-de-morena-de-no-hacerse-responsable-de-los-danos-por-accidente-vial-que-ocasiono","status":"publish","type":"post","link":"https:\/\/zonaroja.com.mx\/?p=4106","title":{"rendered":"Acusan a diputado de Morena de no hacerse responsable de los da\u00f1os por accidente vial que ocasion\u00f3\u00a0"},"content":{"rendered":"\n<p class=\"p1\">Redacci\u00f3n\/ Zona Roja.<\/p>\n\n\n\n<p class=\"p1\">Oaxaca de Ju\u00e1rez, Oax., 19 de septiembre de 2019.- Familiares de Emilio Garcia Monje, quien falleciera en un accidente automovil\u00edstico, denunciaron que a dos meses de los hecho, los imputados Edilberto Rivera Lara y Alejandro Lopez Bravo, actual diputado local por Morena, no se han hecho responsables de los gastos y por el contrario, buscan a como d\u00e9 lugar recuperar el veh\u00edculo que protagoniz\u00f3 el hecho de tr\u00e1nsito.<\/p>\n\n\n\n<p class=\"p1\">El percance vial ocurri\u00f3 el 25 de julio de este a\u00f1o en la supercarretera Cuacnopalan-Oaxaca, en el kil\u00f3metro 160 jurisdicci\u00f3n del municipio de Asunci\u00f3n Nochixtl\u00e1n, cuando la camioneta que presuntamente conduc\u00eda el diputado L\u00f3pez Bravo, perdi\u00f3 el control debido al exceso de velocidad e invadi\u00f3 el carril por donde circulaba Emilio acompa\u00f1ado de su hijo de 14 a\u00f1os de edad, quien result\u00f3 gravemente herido y con lesiones irreversibles. <\/p>\n\n\n\n<p class=\"p1\">A dos meses del accidente, la familia de las v\u00edctimas denuncia la dilaci\u00f3n y obstrucci\u00f3n de la justicia por parte del diputado local Alejandro L\u00f3pez Bravo, en complicidad con la Fiscal\u00eda General del Estado, que ha aceptado que una tercera persona se asiente en el expediente como responsable de manejar el veh\u00edculo, cuando hay testigos de lo contrario.<\/p>\n\n\n\n<p class=\"p1\">Pese a que la carpeta de investigaci\u00f3n que fue integrada por los delitos de homicidio culposo y lesiones, incluye el peritaje donde se responsabiliza Edilberto Rivera Lara y Alejandro Lopez Bravo, quienes iban a bordo del veh\u00edculo, recientemente un tercero de nombre Ovidio L\u00f3pez compareci\u00f3 ante el ministerio p\u00fablico para denunciar al hoy occiso de los da\u00f1os que sufri\u00f3 la camioneta que result\u00f3 ser de su propiedad.&nbsp;<\/p>\n\n\n\n<p class=\"p1\">Lo anterior falseando informaci\u00f3n a la autoridad ya que se\u00f1al\u00f3 a Jos\u00e9 Jacinto L\u00f3pez como la persona que iba conduciendo la unidad de motor al momento del accidente.&nbsp;<\/p>\n\n\n\n<p class=\"p1\">Por ello, Jenifeer Bola\u00f1os Salazar, esposa y madre de las v\u00edctimas, se aperson\u00f3 a las afueras de Palacio de Gobierno para exigir el pago de la reparaci\u00f3n del da\u00f1o por el homicidio culposo de su pareja que asciende a 2.5 millones de pesos, cantidad que asegura puede cubrir la aseguradora Qualitas que respalda a la unidad de motor y que tampoco se ha hechos responsable a\u00fan de los gastos m\u00e9dicos del joven herido.<\/p>\n\n\n\n<p class=\"p1\">\u201cAl menor se les est\u00e1n retirando los servicios m\u00e9dicos, argumentando que el monto que la asegura de Capufe tiene para este tipo de siniestros ya fue consumido en su totalidad, por lo que es indispensable que los responsables como su aseguradora se hagan cargo de la atenci\u00f3n m\u00e9dica\u201d, concluy\u00f3.<\/p>\n\n\n\n<p class=\"p2\">Cabe se\u00f1alar que las lesiones que presenta el menor de edad que result\u00f3 lesionado en el accidente son: p\u00e9rdida del ojo izquierdo, edema cerebral generalizado y lesiones que comprometen las \u00e1reas donde se procesa el pensamiento, lenguaje, conducta, conocimiento, as\u00ed como la coordinaci\u00f3n y la marcha, adem\u00e1s de m\u00faltiples fracturas y hemiplejia.<br><\/p>\n\n\n\n<p><\/p>\n","protected":false},"excerpt":{"rendered":"<p>Redacci\u00f3n\/ Zona Roja. Oaxaca de Ju\u00e1rez, Oax., 19 de septiembre de 2019.- Familiares de Emilio&hellip;<\/p>\n","protected":false},"author":2,"featured_media":4105,"comment_status":"closed","ping_status":"open","sticky":false,"template":"","format":"standard","meta":{"_lmt_disableupdate":"","_lmt_disable":"","_jetpack_memberships_contains_paid_content":false,"footnotes":""},"categories":[1],"tags":[],"class_list":["post-4106","post","type-post","status-publish","format-standard","has-post-thumbnail","hentry","category-sin-categoria"],"jetpack_featured_media_url":"https:\/\/zonaroja.com.mx\/wp-content\/uploads\/2019\/09\/5f62d053-3da9-4c1d-8aac-0b1641af0aa0.jpg","jetpack_sharing_enabled":true,"_links":{"self":[{"href":"https:\/\/zonaroja.com.mx\/index.php?rest_route=\/wp\/v2\/posts\/4106","targetHints":{"allow":["GET"]}}],"collection":[{"href":"https:\/\/zonaroja.com.mx\/index.php?rest_route=\/wp\/v2\/posts"}],"about":[{"href":"https:\/\/zonaroja.com.mx\/index.php?rest_route=\/wp\/v2\/types\/post"}],"author":[{"embeddable":true,"href":"https:\/\/zonaroja.com.mx\/index.php?rest_route=\/wp\/v2\/users\/2"}],"replies":[{"embeddable":true,"href":"https:\/\/zonaroja.com.mx\/index.php?rest_route=%2Fwp%2Fv2%2Fcomments&post=4106"}],"version-history":[{"count":1,"href":"https:\/\/zonaroja.com.mx\/index.php?rest_route=\/wp\/v2\/posts\/4106\/revisions"}],"predecessor-version":[{"id":4107,"href":"https:\/\/zonaroja.com.mx\/index.php?rest_route=\/wp\/v2\/posts\/4106\/revisions\/4107"}],"wp:featuredmedia":[{"embeddable":true,"href":"https:\/\/zonaroja.com.mx\/index.php?rest_route=\/wp\/v2\/media\/4105"}],"wp:attachment":[{"href":"https:\/\/zonaroja.com.mx\/index.php?rest_route=%2Fwp%2Fv2%2Fmedia&parent=4106"}],"wp:term":[{"taxonomy":"category","embeddable":true,"href":"https:\/\/zonaroja.com.mx\/index.php?rest_route=%2Fwp%2Fv2%2Fcategories&post=4106"},{"taxonomy":"post_tag","embeddable":true,"href":"https:\/\/zonaroja.com.mx\/index.php?rest_route=%2Fwp%2Fv2%2Ftags&post=4106"}],"curies":[{"name":"wp","href":"https:\/\/api.w.org\/{rel}","templated":true}]}}