{"id":41066,"date":"2022-05-12T07:33:30","date_gmt":"2022-05-12T12:33:30","guid":{"rendered":"http:\/\/www.zonaroja.com.mx\/?p=41066"},"modified":"2022-05-12T07:33:32","modified_gmt":"2022-05-12T12:33:32","slug":"grave-inseguridad-en-la-ciudad-de-oaxaca-ahora-ejecutan-a-guardia-de-banco","status":"publish","type":"post","link":"https:\/\/zonaroja.com.mx\/?p=41066","title":{"rendered":"Grave inseguridad en la ciudad de Oaxaca, ahora ejecutan a guardia de banco"},"content":{"rendered":"\n<p>Ismael Garc\u00eda M.\/Zona Roja.<\/p>\n\n\n\n<p>Oaxaca de Ju\u00e1rez, Oax., 12 de mayo de 2022.- Mientras el titular de Seguridad P\u00fablica del ayuntamiento de Oaxaca de Ju\u00e1rez, Ra\u00fal \u00c1vila Ibarra, presume operativos policiacos, anoche fue ejecutado un guardia de seguridad de un banco.<\/p>\n\n\n\n<p>Sujetos armados, presuntamente a bordo de una motocicleta, acribillaron al elemento que vigilaba una sucursal del Banco Azteca, en la zona de la Central de Abasto, a unos pasos del Perif\u00e9rico, tras lo cual huyeron, sin presencia de polic\u00edas para impedirlo.<\/p>\n\n\n\n<p>La v\u00edctima, identificada como Adri\u00e1n Garc\u00eda, originario de Santa Maria Atzompa y conocido como \u201cEl Pantera\u201d, fue atendida por param\u00e9dicos de la Cruz Roja Mexicana, pero corroboraron que ya no ten\u00eda signos vitales.<\/p>\n\n\n\n<p>Uniformados de la capital arribaron al sitio s\u00f3lo para resguardar la escena del crimen. Peritos, agentes de investigaci\u00f3n y dem\u00e1s personal de la Fiscal\u00eda General del Estado de Oaxaca inici\u00f3 las indagatorias respecto al crimen.<\/p>\n\n\n\n<figure class=\"wp-block-embed is-type-rich is-provider-twitter wp-block-embed-twitter\"><div class=\"wp-block-embed__wrapper\">\n<div class=\"twitter-tweet\"><blockquote class=\"twitter-tweet\" data-lang=\"es\"><p lang=\"es\" dir=\"ltr\"><a href=\"https:\/\/twitter.com\/hashtag\/%C3%9AltimoMinuto?src=hash&amp;ref_src=twsrc%5Etfw\">#\u00daltimoMinuto<\/a> <br>Imparable la violencia en <a href=\"https:\/\/twitter.com\/hashtag\/Oaxaca?src=hash&amp;ref_src=twsrc%5Etfw\">#Oaxaca<\/a> capital: matan a un guardia de seguridad en Banco Azteca de la Central de Abasto. <br>\u00bfY los operativos del <a href=\"https:\/\/twitter.com\/MunicipioOaxaca?ref_src=twsrc%5Etfw\">@MunicipioOaxaca<\/a>? \u00bfY el for\u00e1neo secretario de Seguridad Ra\u00fal \u00c1vila? \u00bfY las pol\u00edticas del edil <a href=\"https:\/\/twitter.com\/FMartinezNeri?ref_src=twsrc%5Etfw\">@FMartinezNeri<\/a>? <a href=\"https:\/\/t.co\/bNyuB6QnJb\">pic.twitter.com\/bNyuB6QnJb<\/a><\/p>&mdash; Zona Roja Oaxaca (@ZonaRoja_Oaxaca) <a href=\"https:\/\/twitter.com\/ZonaRoja_Oaxaca\/status\/1524591426155204610?ref_src=twsrc%5Etfw\">12 de mayo de 2022<\/a><\/blockquote><\/div>\n<\/div><\/figure>\n","protected":false},"excerpt":{"rendered":"<p>Ismael Garc\u00eda M.\/Zona Roja. Oaxaca de Ju\u00e1rez, Oax., 12 de mayo de 2022.- Mientras el&hellip;<\/p>\n","protected":false},"author":2,"featured_media":41059,"comment_status":"closed","ping_status":"open","sticky":false,"template":"","format":"standard","meta":{"_lmt_disableupdate":"","_lmt_disable":"","_jetpack_memberships_contains_paid_content":false,"footnotes":""},"categories":[109,51],"tags":[148],"class_list":["post-41066","post","type-post","status-publish","format-standard","has-post-thumbnail","hentry","category-minuto-a-minuto","category-zona-roja","tag-oaxaca-de-juarez"],"jetpack_featured_media_url":"https:\/\/zonaroja.com.mx\/wp-content\/uploads\/2022\/05\/Asesinado-guardia-seguridad-ciudad-de-Oaxaca-Central-de-Abasto.jpg","jetpack_sharing_enabled":true,"_links":{"self":[{"href":"https:\/\/zonaroja.com.mx\/index.php?rest_route=\/wp\/v2\/posts\/41066","targetHints":{"allow":["GET"]}}],"collection":[{"href":"https:\/\/zonaroja.com.mx\/index.php?rest_route=\/wp\/v2\/posts"}],"about":[{"href":"https:\/\/zonaroja.com.mx\/index.php?rest_route=\/wp\/v2\/types\/post"}],"author":[{"embeddable":true,"href":"https:\/\/zonaroja.com.mx\/index.php?rest_route=\/wp\/v2\/users\/2"}],"replies":[{"embeddable":true,"href":"https:\/\/zonaroja.com.mx\/index.php?rest_route=%2Fwp%2Fv2%2Fcomments&post=41066"}],"version-history":[{"count":1,"href":"https:\/\/zonaroja.com.mx\/index.php?rest_route=\/wp\/v2\/posts\/41066\/revisions"}],"predecessor-version":[{"id":41067,"href":"https:\/\/zonaroja.com.mx\/index.php?rest_route=\/wp\/v2\/posts\/41066\/revisions\/41067"}],"wp:featuredmedia":[{"embeddable":true,"href":"https:\/\/zonaroja.com.mx\/index.php?rest_route=\/wp\/v2\/media\/41059"}],"wp:attachment":[{"href":"https:\/\/zonaroja.com.mx\/index.php?rest_route=%2Fwp%2Fv2%2Fmedia&parent=41066"}],"wp:term":[{"taxonomy":"category","embeddable":true,"href":"https:\/\/zonaroja.com.mx\/index.php?rest_route=%2Fwp%2Fv2%2Fcategories&post=41066"},{"taxonomy":"post_tag","embeddable":true,"href":"https:\/\/zonaroja.com.mx\/index.php?rest_route=%2Fwp%2Fv2%2Ftags&post=41066"}],"curies":[{"name":"wp","href":"https:\/\/api.w.org\/{rel}","templated":true}]}}