{"id":41077,"date":"2022-05-12T08:45:19","date_gmt":"2022-05-12T13:45:19","guid":{"rendered":"http:\/\/www.zonaroja.com.mx\/?p=41077"},"modified":"2022-05-12T08:45:21","modified_gmt":"2022-05-12T13:45:21","slug":"patrulla-de-union-hidalgo-atropello-a-un-nino-y-autoridad-se-mantiene-omisa","status":"publish","type":"post","link":"https:\/\/zonaroja.com.mx\/?p=41077","title":{"rendered":"Patrulla de Uni\u00f3n Hidalgo atropell\u00f3 a un ni\u00f1o y autoridad se mantiene omisa"},"content":{"rendered":"\n<p>Yuridiana Sosa\/Zona Roja.<\/p>\n\n\n\n<p>Oaxaca de Ju\u00e1rez, Oax., 12 de mayo de 2022.- Un menor de edad fue atropellado por una patrulla municipal de Uni\u00f3n Hidalgo, en la regi\u00f3n del Istmo, causando graves lesiones al ni\u00f1o y sin que hasta el presidente, Juan Jes\u00fas Mart\u00ednez Rasgado, ni el chofer de la unidad, se hagan responsables.<\/p>\n\n\n\n<p>Los padres del ni\u00f1o de 12 a\u00f1os de edad, identificado como Mariano F. G., presentaron el pasado 9 de mayo una denuncia ante la Fiscal\u00eda General de Oaxaca por el delito de lesiones y da\u00f1os dolosos, asentada en la carpeta de investigaci\u00f3n 16129\/FIST\/CODDI-JUCHITAN\/2022.<\/p>\n\n\n\n<p>Pues el elemento que conduc\u00eda la patrulla 0033 fue omiso en la atenci\u00f3n del menor de edad, quien tuvo que ser internado en el Hospital \u201cDr. Macedonio Ben\u00edtez Fuentes\u201d, en Juchit\u00e1n de Zaragoza debido a las heridas, principalmente en una de una pierna y rodilla, y la cual puede perder, denunci\u00f3 la familia.<\/p>\n\n\n\n<p>A dos d\u00edas del hecho, la situaci\u00f3n en relaci\u00f3n a asumir responsabilidades por parte de la autoridad municipal sigue igual, mientras que los padres de Mariano deben cubrir con los gastos m\u00e9dicos que requiere su atenci\u00f3n.<\/p>\n\n\n\n<p>Pero, ante la complicaci\u00f3n de las lesiones, el peque\u00f1o debe ser intervenido quir\u00fargicamente, antes de perder su extremidad, por lo que los padres piden apoyo a la ciudadan\u00eda para poder cubrir con algunos gastos.&nbsp;<\/p>\n","protected":false},"excerpt":{"rendered":"<p>Yuridiana Sosa\/Zona Roja. Oaxaca de Ju\u00e1rez, Oax., 12 de mayo de 2022.- Un menor de&hellip;<\/p>\n","protected":false},"author":2,"featured_media":41078,"comment_status":"closed","ping_status":"open","sticky":false,"template":"","format":"standard","meta":{"_lmt_disableupdate":"","_lmt_disable":"","_jetpack_memberships_contains_paid_content":false,"footnotes":""},"categories":[109,47],"tags":[279],"class_list":["post-41077","post","type-post","status-publish","format-standard","has-post-thumbnail","hentry","category-minuto-a-minuto","category-zona-gris","tag-union-hidalgo"],"jetpack_featured_media_url":"https:\/\/zonaroja.com.mx\/wp-content\/uploads\/2022\/05\/Nino-atropellado-Union-Hidalgo.jpg","jetpack_sharing_enabled":true,"_links":{"self":[{"href":"https:\/\/zonaroja.com.mx\/index.php?rest_route=\/wp\/v2\/posts\/41077","targetHints":{"allow":["GET"]}}],"collection":[{"href":"https:\/\/zonaroja.com.mx\/index.php?rest_route=\/wp\/v2\/posts"}],"about":[{"href":"https:\/\/zonaroja.com.mx\/index.php?rest_route=\/wp\/v2\/types\/post"}],"author":[{"embeddable":true,"href":"https:\/\/zonaroja.com.mx\/index.php?rest_route=\/wp\/v2\/users\/2"}],"replies":[{"embeddable":true,"href":"https:\/\/zonaroja.com.mx\/index.php?rest_route=%2Fwp%2Fv2%2Fcomments&post=41077"}],"version-history":[{"count":1,"href":"https:\/\/zonaroja.com.mx\/index.php?rest_route=\/wp\/v2\/posts\/41077\/revisions"}],"predecessor-version":[{"id":41079,"href":"https:\/\/zonaroja.com.mx\/index.php?rest_route=\/wp\/v2\/posts\/41077\/revisions\/41079"}],"wp:featuredmedia":[{"embeddable":true,"href":"https:\/\/zonaroja.com.mx\/index.php?rest_route=\/wp\/v2\/media\/41078"}],"wp:attachment":[{"href":"https:\/\/zonaroja.com.mx\/index.php?rest_route=%2Fwp%2Fv2%2Fmedia&parent=41077"}],"wp:term":[{"taxonomy":"category","embeddable":true,"href":"https:\/\/zonaroja.com.mx\/index.php?rest_route=%2Fwp%2Fv2%2Fcategories&post=41077"},{"taxonomy":"post_tag","embeddable":true,"href":"https:\/\/zonaroja.com.mx\/index.php?rest_route=%2Fwp%2Fv2%2Ftags&post=41077"}],"curies":[{"name":"wp","href":"https:\/\/api.w.org\/{rel}","templated":true}]}}