{"id":4108,"date":"2019-09-19T15:27:04","date_gmt":"2019-09-19T20:27:04","guid":{"rendered":"http:\/\/www.zonaroja.com.mx\/?p=4108"},"modified":"2019-09-19T15:27:06","modified_gmt":"2019-09-19T20:27:06","slug":"reportan-ataque-armado-en-localidad-oaxaquena-con-presencial-del-mult","status":"publish","type":"post","link":"https:\/\/zonaroja.com.mx\/?p=4108","title":{"rendered":"Reportan ataque armado en localidad oaxaque\u00f1a con presencial del MULT"},"content":{"rendered":"\n<p>Redacci\u00f3n\/Zona\nRoja.<\/p>\n\n\n\n<p>Oaxaca de\nJu\u00e1rez, Oax., 19 de septiembre de 2019.- Integrantes del Movimiento Unificador\nde Lucha Triqui (MULT), denunciaron un ataque armado en la localidad de Ojo de\nAgua, perteneciente al municipio de Santiago Juxtlahuaca, en donde por varias\nhoras se mantuvo una balacera con la intenci\u00f3n de amedrentar a quienes habitan\nen la zona.<\/p>\n\n\n\n<p>La violencia\nen la zona triqui se ha hecho presente desde el pasado 3 de abril de este a\u00f1o, cuando\nasesinaron al l\u00edder natural del MULT, Camilo P\u00e9rez \u00c1lvarez, as\u00ed como a Ubaldo\nG. D.J., quien tambi\u00e9n fue abatido a tiros en inmediaciones de la comunidad y cuyos\ncasos permanecen impunes.<\/p>\n\n\n\n<p>A trav\u00e9s de\nun comunicado, responsabilizaron de los hechos violentos a Macario Garc\u00eda\nMerino y Alfonso Mart\u00ednez Ortega, de la localidad de Agua Fr\u00eda; C\u00e1ndido Santiago\nL\u00f3pez y Roberto Bautista Ram\u00edrez, de Yosoyuxi Copala; y Romulo Leyva Acevedo,\nde Santiago Juxtlahuaca, quienes desde hace meses buscan desestabilizar la zona\ntriqui.<\/p>\n\n\n\n<p>Por lo\nanterior hicieron un llamado a las autoridades federales y estatales a fin de\nque puedan ingresar a la localidad y detener a los responsables de utilizar la\nviolencia \u201ccomo instrumento para satisfacer intereses personales\u201d, situaci\u00f3n\nque en estos momentos ya tiene dividida las comunidades triquis como Carrizal,\nTierra Blanca y la S\u00e1bana.<\/p>\n\n\n\n<p>As\u00ed mismo\nsolicitaron la intervenci\u00f3n urgente de la Subsecretar\u00eda de los Derechos\nHumanos, dependiente de la Secretar\u00eda de Gobernaci\u00f3n (Segob), con la finalidad\nde que se inicie la b\u00fasqueda de su compa\u00f1ero de lucha de nombre Pedro, quien\nest\u00e1 desaparecido.<\/p>\n\n\n\n<p>En el\ndocumento que difundieron, rechazaron cualquier tipo de violencia y aseguraron\nque mantienen su compromiso de generar un Acuerdo de Paz y la Concordia para la\nregi\u00f3n Triqui atendiendo el llamado de Gobierno de la Rep\u00fablica para la\npacificaci\u00f3n nacional.<\/p>\n\n\n\n<p>Exhortaron a\nlas y los militantes de su organizaci\u00f3n a no caer en provocaciones ni en\ndivisionismo, ya que es justamente lo que buscan los promotores de la violencia\npara as\u00ed poder lucrar con el dolor de las familias triquis.<\/p>\n","protected":false},"excerpt":{"rendered":"<p>Redacci\u00f3n\/Zona Roja. Oaxaca de Ju\u00e1rez, Oax., 19 de septiembre de 2019.- Integrantes del Movimiento Unificador&hellip;<\/p>\n","protected":false},"author":2,"featured_media":4109,"comment_status":"closed","ping_status":"open","sticky":false,"template":"","format":"standard","meta":{"_lmt_disableupdate":"","_lmt_disable":"","_jetpack_memberships_contains_paid_content":false,"footnotes":""},"categories":[109,47],"tags":[732,525],"class_list":["post-4108","post","type-post","status-publish","format-standard","has-post-thumbnail","hentry","category-minuto-a-minuto","category-zona-gris","tag-movimiento-de-unificacion-y-lucha-triqui","tag-mult"],"jetpack_featured_media_url":"https:\/\/zonaroja.com.mx\/wp-content\/uploads\/2019\/09\/MULT-1.jpg","jetpack_sharing_enabled":true,"_links":{"self":[{"href":"https:\/\/zonaroja.com.mx\/index.php?rest_route=\/wp\/v2\/posts\/4108","targetHints":{"allow":["GET"]}}],"collection":[{"href":"https:\/\/zonaroja.com.mx\/index.php?rest_route=\/wp\/v2\/posts"}],"about":[{"href":"https:\/\/zonaroja.com.mx\/index.php?rest_route=\/wp\/v2\/types\/post"}],"author":[{"embeddable":true,"href":"https:\/\/zonaroja.com.mx\/index.php?rest_route=\/wp\/v2\/users\/2"}],"replies":[{"embeddable":true,"href":"https:\/\/zonaroja.com.mx\/index.php?rest_route=%2Fwp%2Fv2%2Fcomments&post=4108"}],"version-history":[{"count":1,"href":"https:\/\/zonaroja.com.mx\/index.php?rest_route=\/wp\/v2\/posts\/4108\/revisions"}],"predecessor-version":[{"id":4110,"href":"https:\/\/zonaroja.com.mx\/index.php?rest_route=\/wp\/v2\/posts\/4108\/revisions\/4110"}],"wp:featuredmedia":[{"embeddable":true,"href":"https:\/\/zonaroja.com.mx\/index.php?rest_route=\/wp\/v2\/media\/4109"}],"wp:attachment":[{"href":"https:\/\/zonaroja.com.mx\/index.php?rest_route=%2Fwp%2Fv2%2Fmedia&parent=4108"}],"wp:term":[{"taxonomy":"category","embeddable":true,"href":"https:\/\/zonaroja.com.mx\/index.php?rest_route=%2Fwp%2Fv2%2Fcategories&post=4108"},{"taxonomy":"post_tag","embeddable":true,"href":"https:\/\/zonaroja.com.mx\/index.php?rest_route=%2Fwp%2Fv2%2Ftags&post=4108"}],"curies":[{"name":"wp","href":"https:\/\/api.w.org\/{rel}","templated":true}]}}