{"id":41086,"date":"2022-05-12T18:04:01","date_gmt":"2022-05-12T23:04:01","guid":{"rendered":"https:\/\/www.zonaroja.com.mx\/?p=41086"},"modified":"2022-05-12T18:04:03","modified_gmt":"2022-05-12T23:04:03","slug":"enfrenta-nuevo-rector-de-uabjo-primera-protesta-de-docentes-y-alumnos-de-derecho","status":"publish","type":"post","link":"https:\/\/zonaroja.com.mx\/?p=41086","title":{"rendered":"Enfrenta nuevo rector de UABJO primera protesta de docentes y alumnos de Derecho"},"content":{"rendered":"\n<p>Yuridiana Sosa\/Zona Roja.<\/p>\n\n\n\n<p>Oaxaca de Ju\u00e1rez, Oax., 12 de mayo de 2022.- Alumnos y docentes de la Facultad de Derecho y Ciencias Sociales de la Universidad Aut\u00f3noma \u201cBenito Ju\u00e1rez\u201d de Oaxaca (UABJO) se manifestaron para denunciar irregularidades que afectan a la vida acad\u00e9mica, lo cual se origina a partir de la nueva rector\u00eda.<\/p>\n\n\n\n<p>Los estudiantes y acad\u00e9micos exigieron al nuevo rector, Cristian \u00c9der Carre\u00f1o L\u00f3pez, una mesa de di\u00e1logo para exponerlos distintos problemas y la destituci\u00f3n del director de la Facultad de Derecho, Carlos P\u00e9rezcampos Mayoral, por actos de corrupci\u00f3n, abuso de autoridad, nepotismo y autoritarismo.&nbsp;<\/p>\n\n\n\n<p>Desde el centro de la ciudad de Oaxaca marcharon hacia el edificio de Rector\u00eda de la UABJO, en Ciudad Universitaria, donde expusieron que una de las principales irregularidades es la intromisi\u00f3n del ex rector Abraham Mart\u00ednez Alav\u00e9s en la vida de la Universidad, quien sigue imponiendo \u00f3rdenes en la instituci\u00f3n, ahora como Secretario General de la instituci\u00f3n. <\/p>\n\n\n\n<figure class=\"wp-block-embed\"><div class=\"wp-block-embed__wrapper\">\n<div class=\"twitter-tweet\"><blockquote class=\"twitter-tweet\" data-lang=\"es\"><p lang=\"es\" dir=\"ltr\"><a href=\"https:\/\/twitter.com\/hashtag\/ENVIVO?src=hash&amp;ref_src=twsrc%5Etfw\">#ENVIVO<\/a><br>Oaxaca de Ju\u00e1rez, Oax., 12 de mayo de 2022.- Marcha de estudiantes universitarios de la Facultad de Derecho para denunciar irregularidades en la <a href=\"https:\/\/twitter.com\/UABJO?ref_src=twsrc%5Etfw\">@UABJO<\/a>.<br>Denuncian que ex rector Abraham Mart\u00ednez Alav\u00e9s sigue imponiendo \u00f3rdenes en la instituci\u00f3n. <br>\ud83d\udc47<a href=\"https:\/\/t.co\/1qpNZAk9rD\">https:\/\/t.co\/1qpNZAk9rD<\/a> <a href=\"https:\/\/t.co\/eovprA5cXi\">pic.twitter.com\/eovprA5cXi<\/a><\/p>&mdash; Zona Roja Oaxaca (@ZonaRoja_Oaxaca) <a href=\"https:\/\/twitter.com\/ZonaRoja_Oaxaca\/status\/1524786691675922434?ref_src=twsrc%5Etfw\">12 de mayo de 2022<\/a><\/blockquote><\/div>\n<\/div><\/figure>\n\n\n\n<p>Docentes apuntaron que quienes no coinciden con las decisiones del ex rector tienen represalias, como son reducci\u00f3n de horas y hasta la sustituci\u00f3n de los maestros, ya sea por pasantes de Derecho o por docentes de otras escuelas universitarias.<\/p>\n\n\n\n<p>Por su parte, los alumnos denunciaron altas cuotas por el pago de libros, los cuales deben depositar a cuentas bancarias no institucionales, adem\u00e1s, de la excesiva alza de la inscripci\u00f3n de nuevo ingreso que pas\u00f3 de siete mil 500 pesos a 10 mil pesos.<\/p>\n\n\n\n<p>Esta es la primera protesta que Carre\u00f1o L\u00f3pez enfrenta por parte de la plantilla acad\u00e9mica y estudiantil, no representados por alg\u00fan grupo sindical.<\/p>\n","protected":false},"excerpt":{"rendered":"<p>Yuridiana Sosa\/Zona Roja. Oaxaca de Ju\u00e1rez, Oax., 12 de mayo de 2022.- Alumnos y docentes&hellip;<\/p>\n","protected":false},"author":2,"featured_media":41085,"comment_status":"closed","ping_status":"open","sticky":false,"template":"","format":"standard","meta":{"_lmt_disableupdate":"","_lmt_disable":"","_jetpack_memberships_contains_paid_content":false,"footnotes":""},"categories":[109,47],"tags":[],"class_list":["post-41086","post","type-post","status-publish","format-standard","has-post-thumbnail","hentry","category-minuto-a-minuto","category-zona-gris"],"jetpack_featured_media_url":"https:\/\/zonaroja.com.mx\/wp-content\/uploads\/2022\/05\/a58786a6-6919-4ef0-98d2-4ed97525ab9f.jpg","jetpack_sharing_enabled":true,"_links":{"self":[{"href":"https:\/\/zonaroja.com.mx\/index.php?rest_route=\/wp\/v2\/posts\/41086","targetHints":{"allow":["GET"]}}],"collection":[{"href":"https:\/\/zonaroja.com.mx\/index.php?rest_route=\/wp\/v2\/posts"}],"about":[{"href":"https:\/\/zonaroja.com.mx\/index.php?rest_route=\/wp\/v2\/types\/post"}],"author":[{"embeddable":true,"href":"https:\/\/zonaroja.com.mx\/index.php?rest_route=\/wp\/v2\/users\/2"}],"replies":[{"embeddable":true,"href":"https:\/\/zonaroja.com.mx\/index.php?rest_route=%2Fwp%2Fv2%2Fcomments&post=41086"}],"version-history":[{"count":1,"href":"https:\/\/zonaroja.com.mx\/index.php?rest_route=\/wp\/v2\/posts\/41086\/revisions"}],"predecessor-version":[{"id":41087,"href":"https:\/\/zonaroja.com.mx\/index.php?rest_route=\/wp\/v2\/posts\/41086\/revisions\/41087"}],"wp:featuredmedia":[{"embeddable":true,"href":"https:\/\/zonaroja.com.mx\/index.php?rest_route=\/wp\/v2\/media\/41085"}],"wp:attachment":[{"href":"https:\/\/zonaroja.com.mx\/index.php?rest_route=%2Fwp%2Fv2%2Fmedia&parent=41086"}],"wp:term":[{"taxonomy":"category","embeddable":true,"href":"https:\/\/zonaroja.com.mx\/index.php?rest_route=%2Fwp%2Fv2%2Fcategories&post=41086"},{"taxonomy":"post_tag","embeddable":true,"href":"https:\/\/zonaroja.com.mx\/index.php?rest_route=%2Fwp%2Fv2%2Ftags&post=41086"}],"curies":[{"name":"wp","href":"https:\/\/api.w.org\/{rel}","templated":true}]}}