{"id":41094,"date":"2022-05-12T19:38:03","date_gmt":"2022-05-13T00:38:03","guid":{"rendered":"http:\/\/www.zonaroja.com.mx\/?p=41094"},"modified":"2022-05-12T19:38:11","modified_gmt":"2022-05-13T00:38:11","slug":"mas-protestas-y-bloqueos-en-oaxaca-por-inoperatividad-de-autoridades","status":"publish","type":"post","link":"https:\/\/zonaroja.com.mx\/?p=41094","title":{"rendered":"M\u00e1s protestas y bloqueos en Oaxaca, por inoperatividad de autoridades"},"content":{"rendered":"\n<p>Yuridiana Sosa\/Zona Roja.<\/p>\n\n\n\n<p>Oaxaca de Ju\u00e1rez, Oax., 12 de mayo de 2022.- Cientos de oaxaque\u00f1os volvieron a movilizarse este jueves para exigir al Gobierno del Estado atenci\u00f3n a sus demandas y cumplimientos de compromisos, de los que la Secretar\u00eda General de Gobierno (Segego) se ha mantenido omisa.<\/p>\n\n\n\n<p>Por segundo d\u00eda consecutivo, habitantes de la regi\u00f3n del Istmo mantienen un bloqueo indefinido en la carretera federal 190, en el tramo Jalapa del Marqu\u00e9s-Tehuantepec, para exigir la entrega de recursos prometidos por ser damnificados del sismo de 2017.<\/p>\n\n\n\n<p>Los pobladores de distintos municipios se\u00f1alaron que el gobierno del estado se comprometi\u00f3 a dar 200 millones de pesos, mismo que se entregar\u00edan el a\u00f1o pasado, a m\u00e1s de tres a\u00f1os del terremoto, pero no ha cumplido, por lo que decidieron cerrar la vialidad como medida de presi\u00f3n.<\/p>\n\n\n\n<p>Otro bloqueo se registr\u00f3 en la supercarretera 185D en el tramo La Ventosa- Salina Cruz, a la altura del puente de \u201cEl Caracol\u201d, en Tehuantepec, por lo que se reportaron afectaciones importantes en la conectividad entre el Istmo y la capital del estado para cientos de unidades.<\/p>\n\n\n\n<p>EN VALLES CENTRALES.<\/p>\n\n\n\n<p>En tanto, de manera violenta, integrantes del Movimiento Unido de Organizaciones Sociales y Transportistas del Estado de Oaxaca (MUSTEO) protestaron en Ciudad Judicial, en Reyes Mantec\u00f3n de San Bartolo Coyotepec.<\/p>\n\n\n\n<p>Los manifestantes se apoderaron de los accesos uno y dos del complejo para demandar a la Comisi\u00f3n Estatal de Vivienda, Secretar\u00eda de las Infraestructuras y Ordenamiento Territorial Sustentable y Secretar\u00eda de Finanzas cumplimiento de compromisos.<\/p>\n\n\n\n<p>Mientras que en Ciudad Administrativa, en el municipio de Tlalixtac de Cabrera, otro grupo de habitantes se manifest\u00f3 contra la Secretar\u00eda General de Gobierno de Oaxaca (Segego) por incumplimiento en obras.<\/p>\n\n\n\n<p>A temprana hora, un numeroso grupo de personas del distrito de Etla se apoderaron de los torniquetes de acceso y salida del complejo para demandar una mesa de di\u00e1logo con la Segego.<\/p>\n\n\n\n<p>Los habitantes se\u00f1alaron como pendiente la ejecuci\u00f3n del proyecto de la carretera que conecta a la comunidad de Santa Martha con el municipio de San Juan del Estado.<\/p>\n\n\n\n<p>EN LA CAPITAL<\/p>\n\n\n\n<p>Abogadas penalistas de Oaxaca se manifestaron a fuera de las oficinas de la Fiscal\u00eda Especializada para la Atenci\u00f3n a Delitos de la Mujer por Raz\u00f3n de G\u00e9nero, por violencia de g\u00e9nero y discriminaci\u00f3n a su labor.<\/p>\n\n\n\n<p>Con la consigna \u201cLas faldas no valen\u201d, las abogadas se\u00f1alaron en dependencia, a cargo de Mar\u00eda del Carmen Chi\u00f1as Salinas, reciben un trato desigual del personal respecto al que brindan para los abogados varones, a quienes les permiten tr\u00e1mites sin mayor burocracia, mientras ellas deben esperar largos turnos, rellenar cuestionarios innecesarios y reciben malos tratos, ya sea desde las recepcionistas hasta de los Ministerios P\u00fablicos.<\/p>\n\n\n\n<p>Como parte de su manifestaci\u00f3n, las defensoras legales realizaron un tendedero con ropa femenina y cartulinas con sus demandas.<\/p>\n\n\n\n<p>Ante esta situaci\u00f3n, en la que tambi\u00e9n se expone a sus clientas v\u00edctimas de violencias de g\u00e9nero, exigieron a la titular&nbsp; Chi\u00f1as Salinas que realice cambios en el personal y designe a elementos que brinden atenci\u00f3n humana y con perspectiva de g\u00e9nero.&nbsp;<\/p>\n","protected":false},"excerpt":{"rendered":"<p>Yuridiana Sosa\/Zona Roja. Oaxaca de Ju\u00e1rez, Oax., 12 de mayo de 2022.- Cientos de oaxaque\u00f1os&hellip;<\/p>\n","protected":false},"author":2,"featured_media":41090,"comment_status":"closed","ping_status":"open","sticky":false,"template":"","format":"standard","meta":{"_lmt_disableupdate":"","_lmt_disable":"","_jetpack_memberships_contains_paid_content":false,"footnotes":""},"categories":[109,47],"tags":[2264],"class_list":["post-41094","post","type-post","status-publish","format-standard","has-post-thumbnail","hentry","category-minuto-a-minuto","category-zona-gris","tag-bloqueos-y-protestas-oaxaca"],"jetpack_featured_media_url":"https:\/\/zonaroja.com.mx\/wp-content\/uploads\/2022\/05\/Bloqueos-region-del-Istmo-Oaxaca.jpg","jetpack_sharing_enabled":true,"_links":{"self":[{"href":"https:\/\/zonaroja.com.mx\/index.php?rest_route=\/wp\/v2\/posts\/41094","targetHints":{"allow":["GET"]}}],"collection":[{"href":"https:\/\/zonaroja.com.mx\/index.php?rest_route=\/wp\/v2\/posts"}],"about":[{"href":"https:\/\/zonaroja.com.mx\/index.php?rest_route=\/wp\/v2\/types\/post"}],"author":[{"embeddable":true,"href":"https:\/\/zonaroja.com.mx\/index.php?rest_route=\/wp\/v2\/users\/2"}],"replies":[{"embeddable":true,"href":"https:\/\/zonaroja.com.mx\/index.php?rest_route=%2Fwp%2Fv2%2Fcomments&post=41094"}],"version-history":[{"count":1,"href":"https:\/\/zonaroja.com.mx\/index.php?rest_route=\/wp\/v2\/posts\/41094\/revisions"}],"predecessor-version":[{"id":41095,"href":"https:\/\/zonaroja.com.mx\/index.php?rest_route=\/wp\/v2\/posts\/41094\/revisions\/41095"}],"wp:featuredmedia":[{"embeddable":true,"href":"https:\/\/zonaroja.com.mx\/index.php?rest_route=\/wp\/v2\/media\/41090"}],"wp:attachment":[{"href":"https:\/\/zonaroja.com.mx\/index.php?rest_route=%2Fwp%2Fv2%2Fmedia&parent=41094"}],"wp:term":[{"taxonomy":"category","embeddable":true,"href":"https:\/\/zonaroja.com.mx\/index.php?rest_route=%2Fwp%2Fv2%2Fcategories&post=41094"},{"taxonomy":"post_tag","embeddable":true,"href":"https:\/\/zonaroja.com.mx\/index.php?rest_route=%2Fwp%2Fv2%2Ftags&post=41094"}],"curies":[{"name":"wp","href":"https:\/\/api.w.org\/{rel}","templated":true}]}}