{"id":41098,"date":"2022-05-12T21:21:50","date_gmt":"2022-05-13T02:21:50","guid":{"rendered":"http:\/\/www.zonaroja.com.mx\/?p=41098"},"modified":"2022-05-12T21:21:52","modified_gmt":"2022-05-13T02:21:52","slug":"habra-gobierno-honesto-y-transparente-salomon-jara","status":"publish","type":"post","link":"https:\/\/zonaroja.com.mx\/?p=41098","title":{"rendered":"Habr\u00e1 gobierno honesto y transparente: Salom\u00f3n Jara"},"content":{"rendered":"\n<p>Redacci\u00f3n\/Zona Roja.<\/p>\n\n\n\n<p>Oaxaca de Ju\u00e1rez, Oax., 12 de mayo de 2022.- El contacto directo y constante con las comunidades para informar cu\u00e1nto y en qu\u00e9 se invierte el dinero p\u00fablico, ser\u00e1 una norma del gobierno de la 4T, asever\u00f3 Salom\u00f3n Jara Cruz, candidato a la gubernatura por los partidos Morena, Verde Ecologista, PT y PUP.<\/p>\n\n\n\n<p>Desde Villa Tej\u00fapam de la Uni\u00f3n, en la regi\u00f3n Mixteca, este d\u00eda, manifest\u00f3 que una de las principales demandas de la poblaci\u00f3n es conocer sobre la funci\u00f3n p\u00fablica y dar seguimiento a cada acci\u00f3n que realizan las autoridades con el dinero que es de todos y todas las oaxaque\u00f1as.<\/p>\n\n\n\n<p>Para atender esta demanda ciudadana, afirm\u00f3 que \u201chemos hecho el compromiso p\u00fablico de ser un gobierno transparente y honesto, por lo que asumiremos la responsabilidad de realizar informes trimestrales para decirle al pueblo c\u00f3mo usamos cada peso que entra a las arcas estatales\u201d.<\/p>\n\n\n\n<figure class=\"wp-block-embed is-type-rich is-provider-twitter wp-block-embed-twitter\"><div class=\"wp-block-embed__wrapper\">\n<div class=\"twitter-tweet\"><blockquote class=\"twitter-tweet\" data-lang=\"es\"><p lang=\"es\" dir=\"ltr\">Nos encontramos en la hermosa comunidad de Villa Tej\u00fapam de la Uni\u00f3n, donde nos recibieron con alegr\u00eda y qued\u00f3 claro el enorme respaldo que tiene nuestro proyecto. Los esperamos el 5 de junio para comenzar a construir el <a href=\"https:\/\/twitter.com\/hashtag\/Oaxaca?src=hash&amp;ref_src=twsrc%5Etfw\">#Oaxaca<\/a> que merecemos.<a href=\"https:\/\/twitter.com\/hashtag\/PrimaveraOaxaque%C3%B1a?src=hash&amp;ref_src=twsrc%5Etfw\">#PrimaveraOaxaque\u00f1a<\/a> <a href=\"https:\/\/t.co\/4uHmiAufPL\">pic.twitter.com\/4uHmiAufPL<\/a><\/p>&mdash; Salom\u00f3n Jara Cruz (@salomonj) <a href=\"https:\/\/twitter.com\/salomonj\/status\/1524847592282243092?ref_src=twsrc%5Etfw\">12 de mayo de 2022<\/a><\/blockquote><\/div>\n<\/div><\/figure>\n\n\n\n<p>El abanderado de la coalici\u00f3n \u201cJuntos Hacemos Historia en Oaxaca\u201d, Salom\u00f3n Jara, asegur\u00f3 que \u201clas finanzas p\u00fablicas son sagradas, porque es dinero del pueblo y no se debe malgastar\u201d.<\/p>\n\n\n\n<p>Tambi\u00e9n, inform\u00f3 que enviar\u00e1 al Congreso del Estado una iniciativa para que el proceso de consulta de revocaci\u00f3n de mandato se realice a los tres a\u00f1os de iniciado cada gobierno, de tal manera que las y los oaxaque\u00f1os eval\u00faen el desempe\u00f1o del o de la gobernadora y determinen si continua en el encargo hasta terminar su per\u00edodo o debe dejarlo.&nbsp;<\/p>\n\n\n\n<p>\u201cEn este gobierno de la esperanza le entregaremos todo el poder a las comunidades y los pueblos, como tuvo que haber sido desde siempre. Gobernaremos obedeciendo, esa ser\u00e1 la premisa de nuestra administraci\u00f3n p\u00fablica, todo actuar ser\u00e1 bajo la autorizaci\u00f3n y escrutinio del pueblo\u201d, dijo.<\/p>\n","protected":false},"excerpt":{"rendered":"<p>Redacci\u00f3n\/Zona Roja. Oaxaca de Ju\u00e1rez, Oax., 12 de mayo de 2022.- El contacto directo y&hellip;<\/p>\n","protected":false},"author":2,"featured_media":41099,"comment_status":"closed","ping_status":"open","sticky":false,"template":"","format":"standard","meta":{"_lmt_disableupdate":"","_lmt_disable":"","_jetpack_memberships_contains_paid_content":false,"footnotes":""},"categories":[109,46],"tags":[939],"class_list":["post-41098","post","type-post","status-publish","format-standard","has-post-thumbnail","hentry","category-minuto-a-minuto","category-zona-blanca","tag-salomon-jara-cruz"],"jetpack_featured_media_url":"https:\/\/zonaroja.com.mx\/wp-content\/uploads\/2022\/05\/Salomon-Jara-Tejupam.jpeg","jetpack_sharing_enabled":true,"_links":{"self":[{"href":"https:\/\/zonaroja.com.mx\/index.php?rest_route=\/wp\/v2\/posts\/41098","targetHints":{"allow":["GET"]}}],"collection":[{"href":"https:\/\/zonaroja.com.mx\/index.php?rest_route=\/wp\/v2\/posts"}],"about":[{"href":"https:\/\/zonaroja.com.mx\/index.php?rest_route=\/wp\/v2\/types\/post"}],"author":[{"embeddable":true,"href":"https:\/\/zonaroja.com.mx\/index.php?rest_route=\/wp\/v2\/users\/2"}],"replies":[{"embeddable":true,"href":"https:\/\/zonaroja.com.mx\/index.php?rest_route=%2Fwp%2Fv2%2Fcomments&post=41098"}],"version-history":[{"count":1,"href":"https:\/\/zonaroja.com.mx\/index.php?rest_route=\/wp\/v2\/posts\/41098\/revisions"}],"predecessor-version":[{"id":41100,"href":"https:\/\/zonaroja.com.mx\/index.php?rest_route=\/wp\/v2\/posts\/41098\/revisions\/41100"}],"wp:featuredmedia":[{"embeddable":true,"href":"https:\/\/zonaroja.com.mx\/index.php?rest_route=\/wp\/v2\/media\/41099"}],"wp:attachment":[{"href":"https:\/\/zonaroja.com.mx\/index.php?rest_route=%2Fwp%2Fv2%2Fmedia&parent=41098"}],"wp:term":[{"taxonomy":"category","embeddable":true,"href":"https:\/\/zonaroja.com.mx\/index.php?rest_route=%2Fwp%2Fv2%2Fcategories&post=41098"},{"taxonomy":"post_tag","embeddable":true,"href":"https:\/\/zonaroja.com.mx\/index.php?rest_route=%2Fwp%2Fv2%2Ftags&post=41098"}],"curies":[{"name":"wp","href":"https:\/\/api.w.org\/{rel}","templated":true}]}}