{"id":41101,"date":"2022-05-12T21:37:57","date_gmt":"2022-05-13T02:37:57","guid":{"rendered":"http:\/\/www.zonaroja.com.mx\/?p=41101"},"modified":"2022-05-12T21:38:00","modified_gmt":"2022-05-13T02:38:00","slug":"denuncia-mult-asesinato-de-uno-de-sus-militantes-y-acusa-al-multi","status":"publish","type":"post","link":"https:\/\/zonaroja.com.mx\/?p=41101","title":{"rendered":"Denuncia MULT asesinato de uno de sus militantes y acusa al MULTI"},"content":{"rendered":"\n<p>Redacci\u00f3n\/Zona Roja.<\/p>\n\n\n\n<p>Oaxaca de Ju\u00e1rez, Oax., 12 de mayo de 2022.- El Movimiento de Unificaci\u00f3n y Lucha Triqui (MULT) denunci\u00f3 el asesinato de uno de sus militantes esta tarde en la regi\u00f3n Mixteca y culp\u00f3 de ello a dirigentes del MULTI, por lo cual dio por suspendidas las pl\u00e1ticas sobre el retorno a Tierra Blanca Copala.<\/p>\n\n\n\n<p>En un comunicado, el MULT, que dirige el profesor Rogelio Pensamiento Mesinas, detall\u00f3 que que el crimen de Luciano P\u00e9rez Mart\u00ednez, dirigente de artesanos de Santiago Juxtlahuaca, se perpetr\u00f3 alrededor de las 18:33 horas.<\/p>\n\n\n\n<p>\u201cMismo que fue acribillado por pistoleros al servicio de Macario Garc\u00eda Merino y Horacio Santiago Garc\u00eda (del MULTI).&nbsp;<\/p>\n\n\n\n<p>\u201cDesde este momento se suspende temporalmente todo tipo de pl\u00e1ticas relacionado con el asunto de Tierra Blanca Copala, Juxtlahuaca, Oaxaca hasta que los autores materiales e intelectuales sean castigados. Basta de que el MULT ponga los muertos y los asesinos se hagan v\u00edctimas de problemas que ellos mismos originan.<\/p>\n\n\n\n<p>Expuso que el asesinato no debe quedar impune y en los pr\u00f3ximos d\u00edas la direcci\u00f3n colectiva dar\u00e1 a conocer el \u201cposicionamiento pol\u00edtico de fondo ante la embestida de personajes pol\u00edticos integrantes de una mafia gansteril que se mueve desde las penumbras de la maldad del poder para polarizar y enfrentar<\/p>\n\n\n\n<p>a muerte a las comunidades de la naci\u00f3n Triqui.<\/p>\n\n\n\n<p>El asesinato se registr\u00f3 a las afueras del mercado La Aviaci\u00f3n, ubicado a la orilla de la carretera Juxtlahuaca-Huajuapan y el cuerpo presenta varios impactos de arma de fuego.<\/p>\n","protected":false},"excerpt":{"rendered":"<p>Redacci\u00f3n\/Zona Roja. Oaxaca de Ju\u00e1rez, Oax., 12 de mayo de 2022.- El Movimiento de Unificaci\u00f3n&hellip;<\/p>\n","protected":false},"author":2,"featured_media":29765,"comment_status":"closed","ping_status":"open","sticky":false,"template":"","format":"standard","meta":{"_lmt_disableupdate":"","_lmt_disable":"","_jetpack_memberships_contains_paid_content":false,"footnotes":""},"categories":[109,51],"tags":[867,1712],"class_list":["post-41101","post","type-post","status-publish","format-standard","has-post-thumbnail","hentry","category-minuto-a-minuto","category-zona-roja","tag-movimiento-unificador-de-lucha-triqui-mult","tag-tierra-blanca-copala"],"jetpack_featured_media_url":"https:\/\/zonaroja.com.mx\/wp-content\/uploads\/2021\/07\/Movimiento-de-Unificacion-y-Lucha-Triqui-MULT.jpg","jetpack_sharing_enabled":true,"_links":{"self":[{"href":"https:\/\/zonaroja.com.mx\/index.php?rest_route=\/wp\/v2\/posts\/41101","targetHints":{"allow":["GET"]}}],"collection":[{"href":"https:\/\/zonaroja.com.mx\/index.php?rest_route=\/wp\/v2\/posts"}],"about":[{"href":"https:\/\/zonaroja.com.mx\/index.php?rest_route=\/wp\/v2\/types\/post"}],"author":[{"embeddable":true,"href":"https:\/\/zonaroja.com.mx\/index.php?rest_route=\/wp\/v2\/users\/2"}],"replies":[{"embeddable":true,"href":"https:\/\/zonaroja.com.mx\/index.php?rest_route=%2Fwp%2Fv2%2Fcomments&post=41101"}],"version-history":[{"count":1,"href":"https:\/\/zonaroja.com.mx\/index.php?rest_route=\/wp\/v2\/posts\/41101\/revisions"}],"predecessor-version":[{"id":41102,"href":"https:\/\/zonaroja.com.mx\/index.php?rest_route=\/wp\/v2\/posts\/41101\/revisions\/41102"}],"wp:featuredmedia":[{"embeddable":true,"href":"https:\/\/zonaroja.com.mx\/index.php?rest_route=\/wp\/v2\/media\/29765"}],"wp:attachment":[{"href":"https:\/\/zonaroja.com.mx\/index.php?rest_route=%2Fwp%2Fv2%2Fmedia&parent=41101"}],"wp:term":[{"taxonomy":"category","embeddable":true,"href":"https:\/\/zonaroja.com.mx\/index.php?rest_route=%2Fwp%2Fv2%2Fcategories&post=41101"},{"taxonomy":"post_tag","embeddable":true,"href":"https:\/\/zonaroja.com.mx\/index.php?rest_route=%2Fwp%2Fv2%2Ftags&post=41101"}],"curies":[{"name":"wp","href":"https:\/\/api.w.org\/{rel}","templated":true}]}}