{"id":41103,"date":"2022-05-12T22:14:23","date_gmt":"2022-05-13T03:14:23","guid":{"rendered":"http:\/\/www.zonaroja.com.mx\/?p=41103"},"modified":"2022-05-12T22:15:32","modified_gmt":"2022-05-13T03:15:32","slug":"vinculan-a-proceso-a-sujeto-que-aplicaba-llave-china-en-asaltos-en-oaxaca","status":"publish","type":"post","link":"https:\/\/zonaroja.com.mx\/?p=41103","title":{"rendered":"Vinculan a proceso a sujeto que aplicaba \u201cllave china\u201d en asaltos en Oaxaca"},"content":{"rendered":"\n<p>Redacci\u00f3n\/Zona Roja.&nbsp;<\/p>\n\n\n\n<p>Oaxaca de Ju\u00e1rez, Oax., 12 de mayo de 2022.- La Fiscal\u00eda General del Estado de Oaxaca (FGEO) obtuvo auto de vinculaci\u00f3n a proceso contra la persona del sexo masculino identificada como K. O. C. V. (Kevin Osvaldo), se\u00f1alado como probable responsable del delito de robo calificado con violencia f\u00edsica a las personas en agravio de G. R. C., cometido el 6 de mayo del presente a\u00f1o, en la Central de Abasto de la ciudad de Oaxaca de Ju\u00e1rez.<\/p>\n\n\n\n<p>El probable responsable fue aprehendido el pasado 9 de mayo del presente a\u00f1o por Agentes Estatales de Investigaci\u00f3n (AEI) y presentado de forma inmediata ante la autoridad judicial que lo requiri\u00f3.<\/p>\n\n\n\n<p>De acuerdo a la causa penal 493\/2022, el 6 de mayo de 2022, el imputado -en compa\u00f1\u00eda de otra persona- interceptaron a la v\u00edctima de forma violenta para despojarlo de la cantidad de m\u00e1s de mil pesos, as\u00ed como de identificaciones oficiales y un sello oficial, cuando se encontraba en la avenida Perif\u00e9rico a la altura de la periferia de la Central de Abasto de la capital oaxaque\u00f1a.<\/p>\n\n\n\n<p>Cabe mencionar, que el imputado y la persona que lo acompa\u00f1aba, probablemente son responsables del robo en el que uno de ellos sujet\u00f3 del cuello a la v\u00edctima para asfixiarlo (aplicando la llamada \u201cLlave China\u201d) y as\u00ed apoderarse de sus pertenencias.&nbsp;<\/p>\n\n\n\n<p>Ante estos hechos y tras la denuncia presentada, la instituci\u00f3n de procuraci\u00f3n de justicia atrajo la investigaci\u00f3n -a trav\u00e9s de la Direcci\u00f3n de Averiguaciones Previas y Procesos-, logrando identificar, aprehender y presentar al imputado ante el Juzgado de Control, quien, tras validar los datos de prueba, determin\u00f3 vincularlo a proceso, imponiendo prisi\u00f3n preventiva justificada y otorg\u00f3 dos meses para el cierre de investigaci\u00f3n complementaria.<\/p>\n\n\n\n<p>En su pol\u00edtica de cero tolerancia, la Fiscal\u00eda General aplica todo el rigor de la Ley a quienes se apropian indebidamente del patrimonio de las y los oaxaque\u00f1os, garantizando justicia plena.<\/p>\n","protected":false},"excerpt":{"rendered":"<p>Redacci\u00f3n\/Zona Roja.&nbsp; Oaxaca de Ju\u00e1rez, Oax., 12 de mayo de 2022.- La Fiscal\u00eda General del&hellip;<\/p>\n","protected":false},"author":2,"featured_media":41104,"comment_status":"closed","ping_status":"open","sticky":false,"template":"","format":"standard","meta":{"_lmt_disableupdate":"","_lmt_disable":"","_jetpack_memberships_contains_paid_content":false,"footnotes":""},"categories":[109,46],"tags":[494],"class_list":["post-41103","post","type-post","status-publish","format-standard","has-post-thumbnail","hentry","category-minuto-a-minuto","category-zona-blanca","tag-fiscalia-general-del-estado-de-oaxaca"],"jetpack_featured_media_url":"https:\/\/zonaroja.com.mx\/wp-content\/uploads\/2022\/05\/Asalntante-detenido-llave-china-Oaxaca.jpg","jetpack_sharing_enabled":true,"_links":{"self":[{"href":"https:\/\/zonaroja.com.mx\/index.php?rest_route=\/wp\/v2\/posts\/41103","targetHints":{"allow":["GET"]}}],"collection":[{"href":"https:\/\/zonaroja.com.mx\/index.php?rest_route=\/wp\/v2\/posts"}],"about":[{"href":"https:\/\/zonaroja.com.mx\/index.php?rest_route=\/wp\/v2\/types\/post"}],"author":[{"embeddable":true,"href":"https:\/\/zonaroja.com.mx\/index.php?rest_route=\/wp\/v2\/users\/2"}],"replies":[{"embeddable":true,"href":"https:\/\/zonaroja.com.mx\/index.php?rest_route=%2Fwp%2Fv2%2Fcomments&post=41103"}],"version-history":[{"count":1,"href":"https:\/\/zonaroja.com.mx\/index.php?rest_route=\/wp\/v2\/posts\/41103\/revisions"}],"predecessor-version":[{"id":41105,"href":"https:\/\/zonaroja.com.mx\/index.php?rest_route=\/wp\/v2\/posts\/41103\/revisions\/41105"}],"wp:featuredmedia":[{"embeddable":true,"href":"https:\/\/zonaroja.com.mx\/index.php?rest_route=\/wp\/v2\/media\/41104"}],"wp:attachment":[{"href":"https:\/\/zonaroja.com.mx\/index.php?rest_route=%2Fwp%2Fv2%2Fmedia&parent=41103"}],"wp:term":[{"taxonomy":"category","embeddable":true,"href":"https:\/\/zonaroja.com.mx\/index.php?rest_route=%2Fwp%2Fv2%2Fcategories&post=41103"},{"taxonomy":"post_tag","embeddable":true,"href":"https:\/\/zonaroja.com.mx\/index.php?rest_route=%2Fwp%2Fv2%2Ftags&post=41103"}],"curies":[{"name":"wp","href":"https:\/\/api.w.org\/{rel}","templated":true}]}}