{"id":41106,"date":"2022-05-13T07:24:06","date_gmt":"2022-05-13T12:24:06","guid":{"rendered":"http:\/\/www.zonaroja.com.mx\/?p=41106"},"modified":"2022-05-13T07:24:08","modified_gmt":"2022-05-13T12:24:08","slug":"asesinan-a-otro-comerciante-en-pinotepa-nacional-oaxaca","status":"publish","type":"post","link":"https:\/\/zonaroja.com.mx\/?p=41106","title":{"rendered":"Asesinan a otro comerciante en Pinotepa Nacional, Oaxaca"},"content":{"rendered":"\n<p>Redacci\u00f3n\/Zona Roja.<\/p>\n\n\n\n<p>Oaxaca de Ju\u00e1rez, Oax., 13 de mayo de 2022.- A poco m\u00e1s de una semana del asesinato de un comerciante en Pinotepa Nacional, otro empresario fue ultimado con disparos de arma de fuego en ese municipio de la regi\u00f3n Costa de Oaxaca.<\/p>\n\n\n\n<p>Los hechos ocurrieron alrededor de las 23:00 horas en la avenida Ju\u00e1rez, esquina con 10 Sur del centro de la ciudad, en que sujetos armados dispararon en contra de Jorge R. L.<\/p>\n\n\n\n<p>Polic\u00edas municipales arribaron al sitio pero sin lograr detener a los autores del crimen, mientras que param\u00e9dicos dieron los primeros auxilios a la v\u00edctima, pero corroboraron que ya hab\u00eda perdido la vida.<\/p>\n\n\n\n<p>Apenas el pasado 5 de mayo fue ultimado otro comerciante, tambi\u00e9n en c\u00e9ntricas calles de Pinotepa Nacional, municipio colindante con el estado de Guerrero.&nbsp;<\/p>\n\n\n\n<p>En ambos casos hasta el momento no hay personas detenidas; la Vicefiscal\u00eda Regional de la Costa inici\u00f3 las indagatorias respectivas.<\/p>\n","protected":false},"excerpt":{"rendered":"<p>Redacci\u00f3n\/Zona Roja. Oaxaca de Ju\u00e1rez, Oax., 13 de mayo de 2022.- A poco m\u00e1s de&hellip;<\/p>\n","protected":false},"author":2,"featured_media":41107,"comment_status":"closed","ping_status":"open","sticky":false,"template":"","format":"standard","meta":{"_lmt_disableupdate":"","_lmt_disable":"","_jetpack_memberships_contains_paid_content":false,"footnotes":""},"categories":[109,51],"tags":[],"class_list":["post-41106","post","type-post","status-publish","format-standard","has-post-thumbnail","hentry","category-minuto-a-minuto","category-zona-roja"],"jetpack_featured_media_url":"https:\/\/zonaroja.com.mx\/wp-content\/uploads\/2022\/05\/Asesinado-Pinotepa-nacional.jpg","jetpack_sharing_enabled":true,"_links":{"self":[{"href":"https:\/\/zonaroja.com.mx\/index.php?rest_route=\/wp\/v2\/posts\/41106","targetHints":{"allow":["GET"]}}],"collection":[{"href":"https:\/\/zonaroja.com.mx\/index.php?rest_route=\/wp\/v2\/posts"}],"about":[{"href":"https:\/\/zonaroja.com.mx\/index.php?rest_route=\/wp\/v2\/types\/post"}],"author":[{"embeddable":true,"href":"https:\/\/zonaroja.com.mx\/index.php?rest_route=\/wp\/v2\/users\/2"}],"replies":[{"embeddable":true,"href":"https:\/\/zonaroja.com.mx\/index.php?rest_route=%2Fwp%2Fv2%2Fcomments&post=41106"}],"version-history":[{"count":1,"href":"https:\/\/zonaroja.com.mx\/index.php?rest_route=\/wp\/v2\/posts\/41106\/revisions"}],"predecessor-version":[{"id":41108,"href":"https:\/\/zonaroja.com.mx\/index.php?rest_route=\/wp\/v2\/posts\/41106\/revisions\/41108"}],"wp:featuredmedia":[{"embeddable":true,"href":"https:\/\/zonaroja.com.mx\/index.php?rest_route=\/wp\/v2\/media\/41107"}],"wp:attachment":[{"href":"https:\/\/zonaroja.com.mx\/index.php?rest_route=%2Fwp%2Fv2%2Fmedia&parent=41106"}],"wp:term":[{"taxonomy":"category","embeddable":true,"href":"https:\/\/zonaroja.com.mx\/index.php?rest_route=%2Fwp%2Fv2%2Fcategories&post=41106"},{"taxonomy":"post_tag","embeddable":true,"href":"https:\/\/zonaroja.com.mx\/index.php?rest_route=%2Fwp%2Fv2%2Ftags&post=41106"}],"curies":[{"name":"wp","href":"https:\/\/api.w.org\/{rel}","templated":true}]}}