{"id":4111,"date":"2019-09-19T17:37:33","date_gmt":"2019-09-19T22:37:33","guid":{"rendered":"http:\/\/www.zonaroja.com.mx\/?p=4111"},"modified":"2019-09-19T17:37:35","modified_gmt":"2019-09-19T22:37:35","slug":"elaboran-fotomural-en-memoria-de-francisco-toledo-en-juchitan","status":"publish","type":"post","link":"https:\/\/zonaroja.com.mx\/?p=4111","title":{"rendered":"Elaboran fotomural en memoria de Francisco Toledo en Juchit\u00e1n"},"content":{"rendered":"\n<p>Evlin\nArag\u00f3n\/Zona Roja.<\/p>\n\n\n\n<p>Fotos:\nFrancisco Ramos<\/p>\n\n\n\n<p>Oaxaca de\nJu\u00e1rez, Oax., 19 de septiembre de 2019.- Cuatro j\u00f3venes de Juchit\u00e1n de Zaragoza\nelaboraron un fotomural en homenaje al pintor Francisco Toledo, recientemente\nfallecido y originario de esta localidad ubicada en la regi\u00f3n del Istmo.<\/p>\n\n\n\n<p>Se trata de\nuna fotograf\u00eda monumental, r\u00e9plica de la imagen tomada en los a\u00f1os 70 por\nLourdes Grobet, en donde se puede ver al pintor en su \u00e9poca juvenil, portando\nun paliacate en la cabeza y su caracter\u00edstico cabello alborotado. <\/p>\n\n\n\n<p>La obra realizada por Francisco Ramos, Rodrigo V\u00e0squez, Jose \u00c1ngel Santiago, Hazam Jara, fue colocada en una de las paredes del Centro Escolar Juchit\u00e1n, que fue destruido por los sismos del 2017 y reconstruido por la Secretar\u00eda de la Defensa Nacional, misma que consta de seis metros de alto por cinco metros de ancho. <\/p>\n\n\n\n<figure class=\"wp-block-image\"><img decoding=\"async\" width=\"1024\" height=\"683\" src=\"http:\/\/www.zonaroja.com.mx\/wp-content\/uploads\/2019\/09\/Fotomural-Toledo-2-1024x683.jpg\" alt=\"\" class=\"wp-image-4112\" srcset=\"https:\/\/zonaroja.com.mx\/wp-content\/uploads\/2019\/09\/Fotomural-Toledo-2-1024x683.jpg 1024w, https:\/\/zonaroja.com.mx\/wp-content\/uploads\/2019\/09\/Fotomural-Toledo-2-300x200.jpg 300w, https:\/\/zonaroja.com.mx\/wp-content\/uploads\/2019\/09\/Fotomural-Toledo-2-768x512.jpg 768w, https:\/\/zonaroja.com.mx\/wp-content\/uploads\/2019\/09\/Fotomural-Toledo-2-1170x780.jpg 1170w, https:\/\/zonaroja.com.mx\/wp-content\/uploads\/2019\/09\/Fotomural-Toledo-2.jpg 1920w, https:\/\/zonaroja.com.mx\/wp-content\/uploads\/2019\/09\/Fotomural-Toledo-2-585x390.jpg 585w, https:\/\/zonaroja.com.mx\/wp-content\/uploads\/2019\/09\/Fotomural-Toledo-2-263x175.jpg 263w\" sizes=\"(max-width: 1024px) 100vw, 1024px\" \/><\/figure>\n\n\n\n<p>Lo anterior\nen se\u00f1al de agradecimiento al pintor juchiteco, que no s\u00f3lo dej\u00f3 un importante\nlegado cultural en la capital e Istmo de Tehuantepec, sino que adem\u00e1s fue\ninspiraci\u00f3n para muchos artistas j\u00f3venes que ven en su figura un modelo a seguir.<\/p>\n\n\n\n<p>\u201cGracias a\nlos directivos del Centro Escolar Juchit\u00e1n y Escuela M\u00e9xico por las\nfacilidades, a Moises Jer\u00f3nimo por los andamios\u201d, cita Francisco Ramos en su\ncuenta de Facebook. <\/p>\n\n\n\n<p>Las muestras\nde cari\u00f1o hacia el pintor reci\u00e9n fallecido no han parado, la mayor parte de los\nrecintos culturales de la capital han dado muestra del cari\u00f1o y la admiraci\u00f3n\nque a\u00fan sienten por el pintor juchiteco pese a su deceso. <\/p>\n\n\n\n<p>Incluso fue\nanunciada la exposici\u00f3n Toledo-Monsiv\u00e1is que se inaugurar\u00e1 el pr\u00f3ximo 23 de\nnoviembre como parte de los festejos del XV Aniversario del Museo de los\nPintores, misma que fue autorizada por el pintor antes de morir.<\/p>\n\n\n\n<p>Francisco Toledo falleci\u00f3 el pasado 5 de septiembre en la ciudad de Oaxaca, a los 70 a\u00f1os de edad. <\/p>\n\n\n\n<figure class=\"wp-block-image\"><img decoding=\"async\" width=\"1024\" height=\"683\" src=\"http:\/\/www.zonaroja.com.mx\/wp-content\/uploads\/2019\/09\/Fotomural-Toledo-3-1024x683.jpg\" alt=\"\" class=\"wp-image-4113\" srcset=\"https:\/\/zonaroja.com.mx\/wp-content\/uploads\/2019\/09\/Fotomural-Toledo-3-1024x683.jpg 1024w, https:\/\/zonaroja.com.mx\/wp-content\/uploads\/2019\/09\/Fotomural-Toledo-3-300x200.jpg 300w, https:\/\/zonaroja.com.mx\/wp-content\/uploads\/2019\/09\/Fotomural-Toledo-3-768x512.jpg 768w, https:\/\/zonaroja.com.mx\/wp-content\/uploads\/2019\/09\/Fotomural-Toledo-3-1170x780.jpg 1170w, https:\/\/zonaroja.com.mx\/wp-content\/uploads\/2019\/09\/Fotomural-Toledo-3.jpg 1920w, https:\/\/zonaroja.com.mx\/wp-content\/uploads\/2019\/09\/Fotomural-Toledo-3-585x390.jpg 585w, https:\/\/zonaroja.com.mx\/wp-content\/uploads\/2019\/09\/Fotomural-Toledo-3-263x175.jpg 263w\" sizes=\"(max-width: 1024px) 100vw, 1024px\" \/><\/figure>\n","protected":false},"excerpt":{"rendered":"<p>Evlin Arag\u00f3n\/Zona Roja. Fotos: Francisco Ramos Oaxaca de Ju\u00e1rez, Oax., 19 de septiembre de 2019.-&hellip;<\/p>\n","protected":false},"author":2,"featured_media":4115,"comment_status":"closed","ping_status":"open","sticky":false,"template":"","format":"standard","meta":{"_lmt_disableupdate":"","_lmt_disable":"","_jetpack_memberships_contains_paid_content":false,"footnotes":""},"categories":[109,46],"tags":[677,123],"class_list":["post-4111","post","type-post","status-publish","format-standard","has-post-thumbnail","hentry","category-minuto-a-minuto","category-zona-blanca","tag-francisco-toledo","tag-juchitan-de-zaragoza"],"jetpack_featured_media_url":"https:\/\/zonaroja.com.mx\/wp-content\/uploads\/2019\/09\/Fotomural-Toledo-1-1.jpg","jetpack_sharing_enabled":true,"_links":{"self":[{"href":"https:\/\/zonaroja.com.mx\/index.php?rest_route=\/wp\/v2\/posts\/4111","targetHints":{"allow":["GET"]}}],"collection":[{"href":"https:\/\/zonaroja.com.mx\/index.php?rest_route=\/wp\/v2\/posts"}],"about":[{"href":"https:\/\/zonaroja.com.mx\/index.php?rest_route=\/wp\/v2\/types\/post"}],"author":[{"embeddable":true,"href":"https:\/\/zonaroja.com.mx\/index.php?rest_route=\/wp\/v2\/users\/2"}],"replies":[{"embeddable":true,"href":"https:\/\/zonaroja.com.mx\/index.php?rest_route=%2Fwp%2Fv2%2Fcomments&post=4111"}],"version-history":[{"count":1,"href":"https:\/\/zonaroja.com.mx\/index.php?rest_route=\/wp\/v2\/posts\/4111\/revisions"}],"predecessor-version":[{"id":4116,"href":"https:\/\/zonaroja.com.mx\/index.php?rest_route=\/wp\/v2\/posts\/4111\/revisions\/4116"}],"wp:featuredmedia":[{"embeddable":true,"href":"https:\/\/zonaroja.com.mx\/index.php?rest_route=\/wp\/v2\/media\/4115"}],"wp:attachment":[{"href":"https:\/\/zonaroja.com.mx\/index.php?rest_route=%2Fwp%2Fv2%2Fmedia&parent=4111"}],"wp:term":[{"taxonomy":"category","embeddable":true,"href":"https:\/\/zonaroja.com.mx\/index.php?rest_route=%2Fwp%2Fv2%2Fcategories&post=4111"},{"taxonomy":"post_tag","embeddable":true,"href":"https:\/\/zonaroja.com.mx\/index.php?rest_route=%2Fwp%2Fv2%2Ftags&post=4111"}],"curies":[{"name":"wp","href":"https:\/\/api.w.org\/{rel}","templated":true}]}}