{"id":41112,"date":"2022-05-13T07:45:55","date_gmt":"2022-05-13T12:45:55","guid":{"rendered":"http:\/\/www.zonaroja.com.mx\/?p=41112"},"modified":"2022-05-13T07:45:56","modified_gmt":"2022-05-13T12:45:56","slug":"refuerza-gobierno-estatal-la-seguridad-publica-en-la-region-cuenca","status":"publish","type":"post","link":"https:\/\/zonaroja.com.mx\/?p=41112","title":{"rendered":"Refuerza gobierno estatal la seguridad p\u00fablica en la regi\u00f3n Cuenca"},"content":{"rendered":"\n<p>Redacci\u00f3n\/Zona Roja.<\/p>\n\n\n\n<p>Oaxaca de Ju\u00e1rez, Oax., 13 de mayo de 2022.- En gira de trabajo por la regi\u00f3n del Papaloapan, el Gobernador del Estado, Alejandro Murat Hinojosa, entreg\u00f3 equipamiento a las corporaciones de seguridad p\u00fablica municipal y estatales de esta zona chinanteca.<\/p>\n\n\n\n<p>Adem\u00e1s, supervis\u00f3 el Cuartel Regional de Seguridad P\u00fablica y anunci\u00f3 la inversi\u00f3n para los trabajos de pavimentaci\u00f3n del Boulevard Bicentenario- Puente de Caracol.<\/p>\n\n\n\n<p>Durante la entrega de equipamiento t\u00e1ctico a las y los elementos de la polic\u00eda de San Juan Bautista Tuxtepec y San Felipe Usila, la cual requiri\u00f3 una inversi\u00f3n de 18.44 millones de pesos, el mandatario se\u00f1al\u00f3 que la Cuenca del Papaloapan es l\u00edder productor en pi\u00f1a, ca\u00f1a de az\u00facar y ma\u00edz, por tal motivo este liderazgo tiene que ir de la mano con m\u00e1s seguridad para la ciudadan\u00eda, con mejores corporaciones policiacas, m\u00e1s equipamiento t\u00e1ctico y una mejor infraestructura que permita hacer frente a la delincuencia.<\/p>\n\n\n\n<p>\u201cEstoy cierto que nuestras metas en materia de crecimiento econ\u00f3mico y productividad, no pueden cristalizarse si no apuntalamos la seguridad p\u00fablica como un eje de nuestro quehacer. Por ello, estamos entregando dos patrullas a los cuerpos policiacos de San Juan Bautista Tuxtepec\u201d, refiri\u00f3 el gobernador.<\/p>\n\n\n\n<p>Tambi\u00e9n asegur\u00f3 que para fortalecer y mejorar la capacidad de respuesta e inteligencia policial en la prevenci\u00f3n y combate a la delincuencia, as\u00ed como modernizar la red estatal de radio comunicaci\u00f3n, se entregaron 20 radios para la polic\u00eda municipal de San Juan Bautista Tuxtepec, 15 radios para la polic\u00eda estatal y 20 uniformes para las y los elementos policiacos del municipio de San Felipe Usila.<\/p>\n\n\n\n<p>\u201cCuando se sabe trabajar en equipo, hay resultados. Juntos, podemos enfrentar la violencia que lacera a todo el pa\u00eds, pero en el que Oaxaca, gracias al trabajo de las corporaciones, sigue siendo una de las diez entidades m\u00e1s seguras, haciendo frente a la delincuencia y reduciendo en un 20% los \u00edndices en delitos de alto impacto\u201d, afirm\u00f3.<\/p>\n\n\n\n<p>En su oportunidad, el presidente municipal de San Juan Bautista Tuxtepec, Irineo Molina Espinoza, agradeci\u00f3 el apoyo del gobierno de Oaxaca para fortalecer la estrategia de seguridad p\u00fablica en esta regi\u00f3n.&nbsp;<\/p>\n\n\n\n<p>\u201cLa coordinaci\u00f3n de las corporaciones de los tres \u00f3rdenes de gobierno ha ayudado a mejorar la seguridad p\u00fablica en esta regi\u00f3n; el objetivo anhelado a\u00fan no se logra, pero acciones como esta, sumada a las que estamos realizando se cumplir\u00e1 con la meta\u201d, dijo.<\/p>\n\n\n\n<p>Asimismo, en el marco de su gira por esta regi\u00f3n, el gobernador Alejandro Murat supervis\u00f3 los trabajos de construcci\u00f3n del Cuartel Regional de Seguridad P\u00fablica, el cual es uno de los cinco que actualmente se est\u00e1n edificando en la entidad, y en el que se tiene destinado m\u00e1s de 15 millones de pesos.<\/p>\n\n\n\n<p>Dijo que con este esfuerzo y trabajo en equipo con las autoridades municipales y el Gobierno del Estado, se dignificar\u00e1 la labor de las y los polic\u00edas al contar con espacios dignos y aptos para su mejor desempe\u00f1o y servicio. \u201cJuntos, establecemos un cerco a la delincuencia y abonamos al cumplimiento de dos exigencias ciudadanas: la paz y la prosperidad de nuestra gente\u201d, puntualiz\u00f3.&nbsp;<\/p>\n\n\n\n<p>Durante esta gira de trabajo, el Mandatario Estatal tambi\u00e9n conoci\u00f3 el proyecto de reconstrucci\u00f3n de la Terminal de Autobuses de Segunda Clase en esta localidad, encaminado a mejorar los espacios para los transportistas y personas usuarias. Tambi\u00e9n, superviso los trabajos de mejora de la Cl\u00ednica del Ejido de San Bartolo.<\/p>\n","protected":false},"excerpt":{"rendered":"<p>Redacci\u00f3n\/Zona Roja. Oaxaca de Ju\u00e1rez, Oax., 13 de mayo de 2022.- En gira de trabajo&hellip;<\/p>\n","protected":false},"author":2,"featured_media":41089,"comment_status":"closed","ping_status":"open","sticky":false,"template":"","format":"standard","meta":{"_lmt_disableupdate":"","_lmt_disable":"","_jetpack_memberships_contains_paid_content":false,"footnotes":""},"categories":[109,46],"tags":[173],"class_list":["post-41112","post","type-post","status-publish","format-standard","has-post-thumbnail","hentry","category-minuto-a-minuto","category-zona-blanca","tag-alejandro-murat-hinojosa"],"jetpack_featured_media_url":"https:\/\/zonaroja.com.mx\/wp-content\/uploads\/2022\/05\/Alejandro-Murat-seguridad-Tuxtepec.jpg","jetpack_sharing_enabled":true,"_links":{"self":[{"href":"https:\/\/zonaroja.com.mx\/index.php?rest_route=\/wp\/v2\/posts\/41112","targetHints":{"allow":["GET"]}}],"collection":[{"href":"https:\/\/zonaroja.com.mx\/index.php?rest_route=\/wp\/v2\/posts"}],"about":[{"href":"https:\/\/zonaroja.com.mx\/index.php?rest_route=\/wp\/v2\/types\/post"}],"author":[{"embeddable":true,"href":"https:\/\/zonaroja.com.mx\/index.php?rest_route=\/wp\/v2\/users\/2"}],"replies":[{"embeddable":true,"href":"https:\/\/zonaroja.com.mx\/index.php?rest_route=%2Fwp%2Fv2%2Fcomments&post=41112"}],"version-history":[{"count":1,"href":"https:\/\/zonaroja.com.mx\/index.php?rest_route=\/wp\/v2\/posts\/41112\/revisions"}],"predecessor-version":[{"id":41113,"href":"https:\/\/zonaroja.com.mx\/index.php?rest_route=\/wp\/v2\/posts\/41112\/revisions\/41113"}],"wp:featuredmedia":[{"embeddable":true,"href":"https:\/\/zonaroja.com.mx\/index.php?rest_route=\/wp\/v2\/media\/41089"}],"wp:attachment":[{"href":"https:\/\/zonaroja.com.mx\/index.php?rest_route=%2Fwp%2Fv2%2Fmedia&parent=41112"}],"wp:term":[{"taxonomy":"category","embeddable":true,"href":"https:\/\/zonaroja.com.mx\/index.php?rest_route=%2Fwp%2Fv2%2Fcategories&post=41112"},{"taxonomy":"post_tag","embeddable":true,"href":"https:\/\/zonaroja.com.mx\/index.php?rest_route=%2Fwp%2Fv2%2Ftags&post=41112"}],"curies":[{"name":"wp","href":"https:\/\/api.w.org\/{rel}","templated":true}]}}