{"id":41114,"date":"2022-05-13T09:58:00","date_gmt":"2022-05-13T14:58:00","guid":{"rendered":"http:\/\/www.zonaroja.com.mx\/?p=41114"},"modified":"2022-05-13T08:02:39","modified_gmt":"2022-05-13T13:02:39","slug":"salud-para-todos-uno-de-los-compromisos-del-triple-a-con-oaxaqueno","status":"publish","type":"post","link":"https:\/\/zonaroja.com.mx\/?p=41114","title":{"rendered":"Salud para todos, uno de los compromisos del \u201cTriple A\u201d con oaxaque\u00f1o"},"content":{"rendered":"\n<p>Redacci\u00f3n\/Zona Roja.<\/p>\n\n\n\n<p>Oaxaca de Ju\u00e1rez, Oax., 13 de mayo de 2022.- En su tercer recorrido a ras de tierra por la regi\u00f3n del Istmo de Tehuantepec, el candidato del PRI-PRD a la gubernatura de Oaxaca, Alejandro Avil\u00e9s \u00c1lvarez asegur\u00f3 que en su administraci\u00f3n de gobierno, todas las cl\u00ednicas en las ocho regiones de la entidad contar\u00e1n con equipo y personal m\u00e9dico de manera permanente, para cubrir las necesidades de salud de la poblaci\u00f3n de manera digna y eficiente.<\/p>\n\n\n\n<p>\u00abEn mi gobierno todas las cl\u00ednicas de salud estar\u00e1n equipadas. Por eso, contrataremos al personal m\u00e9dico suficiente para garantizar la atenci\u00f3n las 24 horas y los siete d\u00edas de la semana para que nadie se quede sin acceso a la salud cuando lo necesite\u00bb, indic\u00f3.<\/p>\n\n\n\n<p>El candidato tricolor, remarc\u00f3 que las mujeres, adultos mayores y personas con discapacidad tendr\u00e1n prioridad en el acceso a los servicios de salud, subsidios econ\u00f3micos y empleo que permitan su inclusi\u00f3n y el ejercicio pleno de sus derechos para mejorar sus condiciones de vida.<\/p>\n\n\n\n<p>\u00abHe trabajado m\u00e1s de 35 a\u00f1os sirviendo a los pueblos, siempre con un gran sue\u00f1o de que tengamos un Oaxaca mejor para todas y todos. Es urgente acabar con la desigualdad y la pobreza que a\u00fan persisten en nuestro estado\u00bb, sostuvo.<\/p>\n\n\n\n<p>Desde los municipios de El Espinal y Asunci\u00f3n Ixtaltepec, el \u201cTriple A\u201d adelant\u00f3 que la administraci\u00f3n que encabezar\u00e1, se desarrollar\u00e1 bajo un esquema de austeridad en el que participar\u00e1n mujeres y hombres que busquen servir con vocaci\u00f3n de trabajo a favor de las y los oaxaque\u00f1os.<\/p>\n\n\n\n<p>\u00abVamos a bajarle el sueldo a todos los miembros del gabinete; y se acabar\u00e1n todos los gastos superfluos. Si queremos atender todas las necesidades en nuestro estado tenemos que empezar por apretarnos el cintur\u00f3n en el gobierno\u00bb, subray\u00f3.<\/p>\n\n\n\n<p>Para garantizar la atenci\u00f3n oportuna de las comunidades istme\u00f1as, el Triple A adelant\u00f3 que nombrar\u00e1 a un secretario de estado por regi\u00f3n que ser\u00e1 el responsable de garantizar la atenci\u00f3n inmediata y eficiente de las demandas, as\u00ed como planteamientos de la poblaci\u00f3n.<\/p>\n\n\n\n<p>\u00abNuestro proyecto se trata de mejorar la salud, la infraestructura carretera, la protecci\u00f3n del medio ambiente y el acceso a los servicios p\u00fablicos de calidad. Oaxaca espera todo de nosotros y les garantizo que yo estar\u00e9 a la altura de sus demandas\u00bb, finaliz\u00f3.<\/p>\n","protected":false},"excerpt":{"rendered":"<p>Redacci\u00f3n\/Zona Roja. Oaxaca de Ju\u00e1rez, Oax., 13 de mayo de 2022.- En su tercer recorrido&hellip;<\/p>\n","protected":false},"author":2,"featured_media":41115,"comment_status":"closed","ping_status":"open","sticky":false,"template":"","format":"standard","meta":{"_lmt_disableupdate":"","_lmt_disable":"","_jetpack_memberships_contains_paid_content":false,"footnotes":""},"categories":[109,46],"tags":[316,2879],"class_list":["post-41114","post","type-post","status-publish","format-standard","has-post-thumbnail","hentry","category-minuto-a-minuto","category-zona-blanca","tag-alejandro-aviles-alvarez","tag-elecciones-oaxaca-2022"],"jetpack_featured_media_url":"https:\/\/zonaroja.com.mx\/wp-content\/uploads\/2022\/05\/Alejandro-aviles-gira-Istmo-1.jpg","jetpack_sharing_enabled":true,"_links":{"self":[{"href":"https:\/\/zonaroja.com.mx\/index.php?rest_route=\/wp\/v2\/posts\/41114","targetHints":{"allow":["GET"]}}],"collection":[{"href":"https:\/\/zonaroja.com.mx\/index.php?rest_route=\/wp\/v2\/posts"}],"about":[{"href":"https:\/\/zonaroja.com.mx\/index.php?rest_route=\/wp\/v2\/types\/post"}],"author":[{"embeddable":true,"href":"https:\/\/zonaroja.com.mx\/index.php?rest_route=\/wp\/v2\/users\/2"}],"replies":[{"embeddable":true,"href":"https:\/\/zonaroja.com.mx\/index.php?rest_route=%2Fwp%2Fv2%2Fcomments&post=41114"}],"version-history":[{"count":1,"href":"https:\/\/zonaroja.com.mx\/index.php?rest_route=\/wp\/v2\/posts\/41114\/revisions"}],"predecessor-version":[{"id":41116,"href":"https:\/\/zonaroja.com.mx\/index.php?rest_route=\/wp\/v2\/posts\/41114\/revisions\/41116"}],"wp:featuredmedia":[{"embeddable":true,"href":"https:\/\/zonaroja.com.mx\/index.php?rest_route=\/wp\/v2\/media\/41115"}],"wp:attachment":[{"href":"https:\/\/zonaroja.com.mx\/index.php?rest_route=%2Fwp%2Fv2%2Fmedia&parent=41114"}],"wp:term":[{"taxonomy":"category","embeddable":true,"href":"https:\/\/zonaroja.com.mx\/index.php?rest_route=%2Fwp%2Fv2%2Fcategories&post=41114"},{"taxonomy":"post_tag","embeddable":true,"href":"https:\/\/zonaroja.com.mx\/index.php?rest_route=%2Fwp%2Fv2%2Ftags&post=41114"}],"curies":[{"name":"wp","href":"https:\/\/api.w.org\/{rel}","templated":true}]}}