{"id":41134,"date":"2022-05-13T15:14:32","date_gmt":"2022-05-13T20:14:32","guid":{"rendered":"https:\/\/www.zonaroja.com.mx\/?p=41134"},"modified":"2022-05-13T15:14:34","modified_gmt":"2022-05-13T20:14:34","slug":"maestros-de-la-seccion-22-del-snte-en-oaxaca-se-niegan-a-regresar-a-las-aulas","status":"publish","type":"post","link":"https:\/\/zonaroja.com.mx\/?p=41134","title":{"rendered":"Maestros de la Secci\u00f3n 22 del SNTE en Oaxaca se niegan a regresar a las aulas"},"content":{"rendered":"\n<p>Yuridiana Sosa\/Zona Roja.<\/p>\n\n\n\n<p>Oaxaca de Ju\u00e1rez, Oax., 13 de mayo de 2022.- Un grupo de maestros y padres de familia de la capital oaxaque\u00f1a, de la Secci\u00f3n 22 del Sindicato Nacional de Trabajadores de la Educaci\u00f3n (SNTE), denunciaron que las autoridades de salud y educativas de los tres niveles de gobierno no han garantizado un regreso seguro a clases presenciales tras el confinamiento.&nbsp;<\/p>\n\n\n\n<p>Directores de 13 escuelas de la Zona Escolar 001, del Sector Centro, se pronunciaron contra la irresponsabilidad que han mostrados las autoridades para que los alumnos, personal educativo y padres de familia tengan un retorno bajo las condiciones de higiene e infraestructura que permitan una convivencia bajo los menores riesgos de contagios de Covid-19.<\/p>\n\n\n\n<p>El supervisor escolar, Romeo P\u00e9rez Palacios, se\u00f1al\u00f3 que las autoridades federales, estatales, ni municipales, en su caso de la Secretar\u00eda de Salud (SSA), de la Secretar\u00eda de Educaci\u00f3n P\u00fablica (SEP), el Instituto Estatal de Educaci\u00f3n P\u00fablica de Oaxaca (IEEPO) o los Servicios de Salud de Oaxaca, les han indicado por medio de oficio que ya existe una fecha formal de regreso a clases.<\/p>\n\n\n\n<figure class=\"wp-block-embed is-type-rich is-provider-twitter wp-block-embed-twitter\"><div class=\"wp-block-embed__wrapper\">\n<div class=\"twitter-tweet\"><blockquote class=\"twitter-tweet\" data-lang=\"es\"><p lang=\"es\" dir=\"ltr\"><a href=\"https:\/\/twitter.com\/hashtag\/ENVIVO?src=hash&amp;ref_src=twsrc%5Etfw\">#ENVIVO<\/a><br>Oaxaca de Ju\u00e1rez, Oax., 13 de mayo de 2022.- Conferencia de prensa de la Delegaci\u00f3n D-I-27 de la Secci\u00f3n 22 del SNTE, sobre el retorno a clases presenciales.<br><br>Siga aqu\u00ed la transmisi\u00f3n:<br>\ud83d\udc47<a href=\"https:\/\/t.co\/0jnjrs0n92\">https:\/\/t.co\/0jnjrs0n92<\/a> <a href=\"https:\/\/t.co\/aAnqsXHZMv\">pic.twitter.com\/aAnqsXHZMv<\/a><\/p>&mdash; Zona Roja Oaxaca (@ZonaRoja_Oaxaca) <a href=\"https:\/\/twitter.com\/ZonaRoja_Oaxaca\/status\/1525135771794976769?ref_src=twsrc%5Etfw\">13 de mayo de 2022<\/a><\/blockquote><\/div>\n<\/div><\/figure>\n\n\n\n<p>La queja deriva en que s\u00f3lo indican que las escuelas regresen de acuerdo a las condiciones del contexto escolar en que se encuentran ubicadas sus instituciones, as\u00ed como que se apeguen a los protocolos de salud, pero no ofrecen insumos, ni mucho menos servicios en la infraestructura educativa, como es agua.<\/p>\n\n\n\n<p>El secretario general de la Delegaci\u00f3n D-I-27, del Sector Centro, Daniel Sosa Rafael, apunt\u00f3 que las escuelas no se niegan al regreso, pero siempre y cuando las autoridades cumplan con sus obligaciones.<\/p>\n\n\n\n<p>Por tal motivo, emplazaron al Gobierno de M\u00e9xico, DF Oaxaca y municipal a que doten de los materiales e insumos para hacer frente a la pandemia dentro de las escuelas, as\u00ed como se inicie una mesa de di\u00e1logo con dichas autoridades.<\/p>\n\n\n\n<p>De forma escalonada, solo dos escuelas pertenecientes a este sector han regresado a clases, asumiendo los padres de familia los gastos de insumos y responsabilidad del cuidado dentro de las instituciones, en tanto, algunas m\u00e1s podr\u00edan sumarse el pr\u00f3ximo 23 de mayo, bajo este mismo esquema. <\/p>\n","protected":false},"excerpt":{"rendered":"<p>Yuridiana Sosa\/Zona Roja. Oaxaca de Ju\u00e1rez, Oax., 13 de mayo de 2022.- Un grupo de&hellip;<\/p>\n","protected":false},"author":2,"featured_media":41120,"comment_status":"closed","ping_status":"open","sticky":false,"template":"","format":"standard","meta":{"_lmt_disableupdate":"","_lmt_disable":"","_jetpack_memberships_contains_paid_content":false,"footnotes":""},"categories":[109,47],"tags":[],"class_list":["post-41134","post","type-post","status-publish","format-standard","has-post-thumbnail","hentry","category-minuto-a-minuto","category-zona-gris"],"jetpack_featured_media_url":"https:\/\/zonaroja.com.mx\/wp-content\/uploads\/2022\/05\/d772ed65-7d26-4620-9c0f-e0fa03fd4396.jpg","jetpack_sharing_enabled":true,"_links":{"self":[{"href":"https:\/\/zonaroja.com.mx\/index.php?rest_route=\/wp\/v2\/posts\/41134","targetHints":{"allow":["GET"]}}],"collection":[{"href":"https:\/\/zonaroja.com.mx\/index.php?rest_route=\/wp\/v2\/posts"}],"about":[{"href":"https:\/\/zonaroja.com.mx\/index.php?rest_route=\/wp\/v2\/types\/post"}],"author":[{"embeddable":true,"href":"https:\/\/zonaroja.com.mx\/index.php?rest_route=\/wp\/v2\/users\/2"}],"replies":[{"embeddable":true,"href":"https:\/\/zonaroja.com.mx\/index.php?rest_route=%2Fwp%2Fv2%2Fcomments&post=41134"}],"version-history":[{"count":2,"href":"https:\/\/zonaroja.com.mx\/index.php?rest_route=\/wp\/v2\/posts\/41134\/revisions"}],"predecessor-version":[{"id":41138,"href":"https:\/\/zonaroja.com.mx\/index.php?rest_route=\/wp\/v2\/posts\/41134\/revisions\/41138"}],"wp:featuredmedia":[{"embeddable":true,"href":"https:\/\/zonaroja.com.mx\/index.php?rest_route=\/wp\/v2\/media\/41120"}],"wp:attachment":[{"href":"https:\/\/zonaroja.com.mx\/index.php?rest_route=%2Fwp%2Fv2%2Fmedia&parent=41134"}],"wp:term":[{"taxonomy":"category","embeddable":true,"href":"https:\/\/zonaroja.com.mx\/index.php?rest_route=%2Fwp%2Fv2%2Fcategories&post=41134"},{"taxonomy":"post_tag","embeddable":true,"href":"https:\/\/zonaroja.com.mx\/index.php?rest_route=%2Fwp%2Fv2%2Ftags&post=41134"}],"curies":[{"name":"wp","href":"https:\/\/api.w.org\/{rel}","templated":true}]}}