{"id":4117,"date":"2019-09-19T19:18:11","date_gmt":"2019-09-20T00:18:11","guid":{"rendered":"http:\/\/www.zonaroja.com.mx\/?p=4117"},"modified":"2019-09-19T19:18:14","modified_gmt":"2019-09-20T00:18:14","slug":"macrosimulacro-entre-ambulantes-y-solo-con-participacion-oficial","status":"publish","type":"post","link":"https:\/\/zonaroja.com.mx\/?p=4117","title":{"rendered":"Macrosimulacro entre ambulantes y s\u00f3lo con participaci\u00f3n oficial"},"content":{"rendered":"\n<p>Ismael Garc\u00eda\nM.\/Zona Roja.<\/p>\n\n\n\n<p>Oaxaca de\nJu\u00e1rez, Oax., 19 de septiembre de 2019.- \u201c\u00a1Atr\u00e1s de la l\u00ednea amarilla! \u00a1Atr\u00e1s!\n\u00a1Nadie puede estar en esta zona de emergencia!\u201d. La voz es de una joven\nsocorrista voluntaria que hace su tarea\u2026 S\u00f3lo que 40 minutos despu\u00e9s que\nocurri\u00f3 el sismo hipot\u00e9tico de magnitud 8.6.<\/p>\n\n\n\n<p>A las diez\nde la ma\u00f1ana se cit\u00f3 para la realizaci\u00f3n de un macrosimulacro, en la\nconmemoci\u00f3n del D\u00eda Nacional de Protecci\u00f3n Civil, tras los terremotos ocurridos\nel 19 de septiembre de 1985 y el de fecha similar de 2017, este \u00faltimo con\nimpacto en la regi\u00f3n Mixteca de Oaxaca y otras entidades del centro del pa\u00eds.<\/p>\n\n\n\n<p>\u201c\u00a1Oiga, pero\nel sismo ya pas\u00f3 y mucha gente ya cruz\u00f3 por ac\u00e1!\u201d, devuelve un ciudadano al que\nno dejan pasar en la primera calle de Bustamante esquina con Las Casas, donde\nse realiz\u00f3 el ejercicio preventivo.<\/p>\n\n\n\n<p>A esa hora y\nperiodistas, trabajadores, transe\u00fantes, ya pasaron en medio de cuerpos,\nheridos, muertos hipot\u00e9ticos que hab\u00edan sido sacados del edificio \u201cMontajes\u201d. Estorbando\ntodos.<\/p>\n\n\n\n<p>Simulacro tambi\u00e9n\nen medio de ambulantes que no quisieron retirar sus puestos para participar en\nesta pr\u00e1ctica; hasta se enojaron porque no los dejaron vender por el lapso de\nuna hora.<\/p>\n\n\n\n<p>\u201cYo pienso\nque los compa\u00f1eros, amigos ambulantes, deben entender que es un ejercicio\nnecesario para ellos mismos. Desafortunadamente todo lo que tiene que llevarse\nen la calle genera molestia\u2026 <\/p>\n\n\n\n<p>\u201cA la postre\nse tendr\u00e1 que dar beneficio inclusive a todos los compa\u00f1eros ambulantes, con\nquienes me disculpo por las molestias, pero s\u00e9 que son ejercicios necesarios\nque se tienen que hacer cada a\u00f1o\u201d, se lamenta Rodolfo Brenan, director de\nProtecci\u00f3n Civil municipal.<\/p>\n\n\n\n<p>Al sonar las\nalarmas s\u00edsmicas, los \u00fanicos que salieron fueron los bur\u00f3cratas, del Palacio de\nGobierno y de otros inmuebles p\u00fablicos. La gente com\u00fan, poco particip\u00f3; los\nnegocios, menos. Los transe\u00fantes, por igual.<\/p>\n\n\n\n<p>\u201c\u00a1Oiga, pero tengo que pasar a dejar unos desayunos!\u201d, clama un jovenzuelo que trae una charola cargada de alimentos; se rasca la cabeza, se enfr\u00edan los platillos, tiene que ir a dar vuelta a una cuadra.<\/p>\n\n\n\n<figure class=\"wp-block-embed-twitter wp-block-embed is-type-rich is-provider-twitter\"><div class=\"wp-block-embed__wrapper\">\n<div class=\"twitter-tweet\"><blockquote class=\"twitter-tweet\" data-lang=\"es\"><p lang=\"es\" dir=\"ltr\">As\u00ed fue el macrosimulacro por sismo en el centro de la ciudad de Oaxaca, en el marco del D\u00eda Nacional de Protecci\u00f3n Civil. <a href=\"https:\/\/t.co\/O6dG1vm5Av\">pic.twitter.com\/O6dG1vm5Av<\/a><\/p>&mdash; Zona Roja Oaxaca (@MexRoja) <a href=\"https:\/\/twitter.com\/MexRoja\/status\/1174836267097284610?ref_src=twsrc%5Etfw\">20 de septiembre de 2019<\/a><\/blockquote><\/div>\n<\/div><\/figure>\n\n\n\n<p>En el\nedificio de \u201cMontajes\u201d, los rescatistas sufren para sacar a los supuestos\nheridos; tiene que pasar por pasillos reducidos de los puestos ambulantes.\nAmontonan los cuerpos en el piso, de acuerdo con el c\u00f3digo de emergencia. Llegan\nBomberos, param\u00e9dicos de la Cruz Roja, voluntarios, de Protecci\u00f3n Civil. Un\nmundo de gente. El saldo en ese inmueble, con da\u00f1os estructurales pero no\ncolapsado.<\/p>\n\n\n\n<p>Una hora\ndespu\u00e9s termina el ejercicio de evacuaci\u00f3n, atenci\u00f3n de urgencia y traslado de\nv\u00edctimas.<\/p>\n\n\n\n<p>De acuerdo\ncon el Gobierno del Estado, participaron 700 mil 162 personas en el\nmacrosimulacro de magnitud 8.6, con epicentro en las costas de Oaxaca y\nGuerrero, as\u00ed como de un tsunami cuyo impacto abarc\u00f3 seis kil\u00f3metros.<\/p>\n\n\n\n<p>Seg\u00fan Protecci\u00f3n\nCivil de Oaxaca, participaron 72 dependencias p\u00fablicas estatales y federales,\n27 grupos de voluntarios, 250 empresas privadas, 950 instituciones educativas,\n46 ambulancias, 29 unidades de atenci\u00f3n pre-hospitalarias y 362 municipios.<\/p>\n\n\n\n<p>Se report\u00f3 la simulaci\u00f3n de tres personas fallecidas, 26\nheridas y la atenci\u00f3n a quienes se ubicaban en el edificio \u201cMontajes\u201d. <\/p>\n\n\n\n<p>De manera inmediata arribaron al lugar los elementos de\natenci\u00f3n, quienes fueron apoyados por dos caninos de b\u00fasqueda y rescate para\nauxiliar a la poblaci\u00f3n que pudo haber resultado afectada.<\/p>\n\n\n\n<p>Una hora despu\u00e9s, todo volv\u00eda a la normalidad de los ambulantes, que cierran todo a su paso y que siguen siendo los due\u00f1os de la calle, a complacencia de la autoridad municipal.<\/p>\n\n\n\n<figure class=\"wp-block-image\"><img decoding=\"async\" width=\"1024\" height=\"768\" src=\"http:\/\/www.zonaroja.com.mx\/wp-content\/uploads\/2019\/09\/IMG_9382-1024x768.jpg\" alt=\"\" class=\"wp-image-4119\" srcset=\"https:\/\/zonaroja.com.mx\/wp-content\/uploads\/2019\/09\/IMG_9382-1024x768.jpg 1024w, https:\/\/zonaroja.com.mx\/wp-content\/uploads\/2019\/09\/IMG_9382-300x225.jpg 300w, https:\/\/zonaroja.com.mx\/wp-content\/uploads\/2019\/09\/IMG_9382-768x576.jpg 768w, https:\/\/zonaroja.com.mx\/wp-content\/uploads\/2019\/09\/IMG_9382-1170x878.jpg 1170w, https:\/\/zonaroja.com.mx\/wp-content\/uploads\/2019\/09\/IMG_9382-1920x1440.jpg 1920w, https:\/\/zonaroja.com.mx\/wp-content\/uploads\/2019\/09\/IMG_9382-585x439.jpg 585w, https:\/\/zonaroja.com.mx\/wp-content\/uploads\/2019\/09\/IMG_9382.jpg 2016w\" sizes=\"(max-width: 1024px) 100vw, 1024px\" \/><\/figure>\n","protected":false},"excerpt":{"rendered":"<p>Ismael Garc\u00eda M.\/Zona Roja. Oaxaca de Ju\u00e1rez, Oax., 19 de septiembre de 2019.- \u201c\u00a1Atr\u00e1s de&hellip;<\/p>\n","protected":false},"author":2,"featured_media":4118,"comment_status":"closed","ping_status":"open","sticky":false,"template":"","format":"standard","meta":{"_lmt_disableupdate":"","_lmt_disable":"","_jetpack_memberships_contains_paid_content":false,"footnotes":""},"categories":[109,46],"tags":[733],"class_list":["post-4117","post","type-post","status-publish","format-standard","has-post-thumbnail","hentry","category-minuto-a-minuto","category-zona-blanca","tag-macrosimulacro-oaxaca"],"jetpack_featured_media_url":"https:\/\/zonaroja.com.mx\/wp-content\/uploads\/2019\/09\/IMG_9360.jpg","jetpack_sharing_enabled":true,"_links":{"self":[{"href":"https:\/\/zonaroja.com.mx\/index.php?rest_route=\/wp\/v2\/posts\/4117","targetHints":{"allow":["GET"]}}],"collection":[{"href":"https:\/\/zonaroja.com.mx\/index.php?rest_route=\/wp\/v2\/posts"}],"about":[{"href":"https:\/\/zonaroja.com.mx\/index.php?rest_route=\/wp\/v2\/types\/post"}],"author":[{"embeddable":true,"href":"https:\/\/zonaroja.com.mx\/index.php?rest_route=\/wp\/v2\/users\/2"}],"replies":[{"embeddable":true,"href":"https:\/\/zonaroja.com.mx\/index.php?rest_route=%2Fwp%2Fv2%2Fcomments&post=4117"}],"version-history":[{"count":1,"href":"https:\/\/zonaroja.com.mx\/index.php?rest_route=\/wp\/v2\/posts\/4117\/revisions"}],"predecessor-version":[{"id":4120,"href":"https:\/\/zonaroja.com.mx\/index.php?rest_route=\/wp\/v2\/posts\/4117\/revisions\/4120"}],"wp:featuredmedia":[{"embeddable":true,"href":"https:\/\/zonaroja.com.mx\/index.php?rest_route=\/wp\/v2\/media\/4118"}],"wp:attachment":[{"href":"https:\/\/zonaroja.com.mx\/index.php?rest_route=%2Fwp%2Fv2%2Fmedia&parent=4117"}],"wp:term":[{"taxonomy":"category","embeddable":true,"href":"https:\/\/zonaroja.com.mx\/index.php?rest_route=%2Fwp%2Fv2%2Fcategories&post=4117"},{"taxonomy":"post_tag","embeddable":true,"href":"https:\/\/zonaroja.com.mx\/index.php?rest_route=%2Fwp%2Fv2%2Ftags&post=4117"}],"curies":[{"name":"wp","href":"https:\/\/api.w.org\/{rel}","templated":true}]}}