{"id":41172,"date":"2022-05-14T07:58:04","date_gmt":"2022-05-14T12:58:04","guid":{"rendered":"http:\/\/www.zonaroja.com.mx\/?p=41172"},"modified":"2022-05-14T07:58:08","modified_gmt":"2022-05-14T12:58:08","slug":"invita-poder-judicial-a-conferenciajusticia-restaurativa-en-materia-penal","status":"publish","type":"post","link":"https:\/\/zonaroja.com.mx\/?p=41172","title":{"rendered":"Invita Poder Judicial a conferencia\u201cJusticia Restaurativa en materia penal\u201d"},"content":{"rendered":"\n<p>Redacci\u00f3n\/Zona Roja.<\/p>\n\n\n\n<p>Oaxaca de Ju\u00e1rez, Oax., 14 de mayo de 2022.- En el marco de las actividades con motivo del Vig\u00e9simo Aniversario del Centro de Justicia Alternativa del Poder Judicial del Estado, se impartir\u00e1 la conferencia magistral&nbsp;virtual&nbsp;\u00abJusticia Restaurativa en materia penal, una visi\u00f3n para funcionarios judiciales\u00bb,&nbsp;a cargo del maestro&nbsp;Santiago Ignacio Quiroz Villarreal, conferencista y formador de facilitadores en Mediaci\u00f3n y Justicia Restaurativa.<\/p>\n\n\n\n<p>La actividad acad\u00e9mica se desarrollar\u00e1 el pr\u00f3ximo mi\u00e9rcoles 18 de mayo, a las 18:00 horas, a trav\u00e9s de las redes sociales de la instituci\u00f3n,&nbsp;en Facebook: Tribunal Superior de Justicia de Oaxaca y en Twitter @tsjoaxaca, por lo cual se hace una cordial invitaci\u00f3n a la comunidad jur\u00eddica y p\u00fablico en general interesado en el tema, a seguir la transmisi\u00f3n en vivo.&nbsp;<\/p>\n\n\n\n<p>La Justicia Restaurativa es un modelo alternativo cuyo objetivo es reparar el da\u00f1o causado a la v\u00edctima.&nbsp;Se trata de un proceso en el que interviene siempre una tercera persona ajena al conflicto que media&nbsp;entre los involucrados para llegar a un acuerdo y avanzar hacia una&nbsp;justicia&nbsp;m\u00e1s humanizada, incorporando el di\u00e1logo al funcionamiento del sistema penal.<\/p>\n\n\n\n<p>El maestro Santiago Ignacio Quiroz Villarreal, es master en Derecho Constitucional y Pol\u00edticas Gubernamentales por la Universidad Aut\u00f3noma de Coahuila (Facultad de jurisprudencia, Saltillo), Master en Educaci\u00f3n por el Instituto Tecnol\u00f3gico y de Estudios Superiores de Monterrey&nbsp;con menci\u00f3n honor\u00edfica de excelencia, formador de mediadores y conciliadores para la Fiscal\u00eda General de la Rep\u00fablica, Fiscal\u00edas y Poderes Judiciales Locales, as\u00ed como mediador certificado.&nbsp;<\/p>\n","protected":false},"excerpt":{"rendered":"<p>Redacci\u00f3n\/Zona Roja. Oaxaca de Ju\u00e1rez, Oax., 14 de mayo de 2022.- En el marco de&hellip;<\/p>\n","protected":false},"author":2,"featured_media":41173,"comment_status":"closed","ping_status":"open","sticky":false,"template":"","format":"standard","meta":{"_lmt_disableupdate":"","_lmt_disable":"","_jetpack_memberships_contains_paid_content":false,"footnotes":""},"categories":[109,46],"tags":[223],"class_list":["post-41172","post","type-post","status-publish","format-standard","has-post-thumbnail","hentry","category-minuto-a-minuto","category-zona-blanca","tag-poder-judicial-de-oaxaca"],"jetpack_featured_media_url":"https:\/\/zonaroja.com.mx\/wp-content\/uploads\/2022\/05\/Santiago-Quiroz-poder-judicial.jpeg","jetpack_sharing_enabled":true,"_links":{"self":[{"href":"https:\/\/zonaroja.com.mx\/index.php?rest_route=\/wp\/v2\/posts\/41172","targetHints":{"allow":["GET"]}}],"collection":[{"href":"https:\/\/zonaroja.com.mx\/index.php?rest_route=\/wp\/v2\/posts"}],"about":[{"href":"https:\/\/zonaroja.com.mx\/index.php?rest_route=\/wp\/v2\/types\/post"}],"author":[{"embeddable":true,"href":"https:\/\/zonaroja.com.mx\/index.php?rest_route=\/wp\/v2\/users\/2"}],"replies":[{"embeddable":true,"href":"https:\/\/zonaroja.com.mx\/index.php?rest_route=%2Fwp%2Fv2%2Fcomments&post=41172"}],"version-history":[{"count":1,"href":"https:\/\/zonaroja.com.mx\/index.php?rest_route=\/wp\/v2\/posts\/41172\/revisions"}],"predecessor-version":[{"id":41174,"href":"https:\/\/zonaroja.com.mx\/index.php?rest_route=\/wp\/v2\/posts\/41172\/revisions\/41174"}],"wp:featuredmedia":[{"embeddable":true,"href":"https:\/\/zonaroja.com.mx\/index.php?rest_route=\/wp\/v2\/media\/41173"}],"wp:attachment":[{"href":"https:\/\/zonaroja.com.mx\/index.php?rest_route=%2Fwp%2Fv2%2Fmedia&parent=41172"}],"wp:term":[{"taxonomy":"category","embeddable":true,"href":"https:\/\/zonaroja.com.mx\/index.php?rest_route=%2Fwp%2Fv2%2Fcategories&post=41172"},{"taxonomy":"post_tag","embeddable":true,"href":"https:\/\/zonaroja.com.mx\/index.php?rest_route=%2Fwp%2Fv2%2Ftags&post=41172"}],"curies":[{"name":"wp","href":"https:\/\/api.w.org\/{rel}","templated":true}]}}