{"id":41179,"date":"2022-05-14T09:23:13","date_gmt":"2022-05-14T14:23:13","guid":{"rendered":"https:\/\/www.zonaroja.com.mx\/?p=41179"},"modified":"2022-05-14T09:23:15","modified_gmt":"2022-05-14T14:23:15","slug":"incorporacion-de-mujeres-al-gobierno-decision-equitativa-para-el-desarrollo-aaa","status":"publish","type":"post","link":"https:\/\/zonaroja.com.mx\/?p=41179","title":{"rendered":"Incorporaci\u00f3n de mujeres al gobierno, decisi\u00f3n equitativa para el desarrollo: AAA"},"content":{"rendered":"\n<p>Redacci\u00f3n\/Zona Roja.<\/p>\n\n\n\n<p>Oaxaca de Ju\u00e1rez, Oax., 14 de mayo de 2022. \u00abEn los pr\u00f3ximos seis a\u00f1os, el servicio p\u00fablico se ejercer\u00e1 con la participaci\u00f3n del 50 por ciento de mujeres en el gabinete legal y ampliado, lo que permitir\u00e1 potenciar su talento en la estructura de gobierno y mejorar la atenci\u00f3n a la poblaci\u00f3n\u00bb, remarc\u00f3 durante su gira de campa\u00f1a por el Istmo de Tehuantepec, el candidato del PRI-PRD a la gubernatura de Oaxaca, Alejandro Avil\u00e9s \u00c1lvarez.<\/p>\n\n\n\n<p>Al recorrer los municipios de Guevea de Humboldt, Santiago Laollaga, Santo Domingo Ingenio y Santo Domingo Tehuantepec, el \u201cTriple A\u201d destac\u00f3 que la incorporaci\u00f3n de mujeres en el quehacer gubernamental, se trata de una decisi\u00f3n equitativa para desarrollar un gobierno de resultados y con vocaci\u00f3n humanista.<\/p>\n\n\n\n<p>\u00abLas mujeres ser\u00e1n protagonistas en mi gobierno; ellas ser\u00e1n las encargadas de desarrollar las estrategias y acciones de gobierno que vamos a implementar en&nbsp;las ocho&nbsp;regiones, para erradicar todo tipo de injusticias con las que han luchado por a\u00f1os\u00bb, refiri\u00f3.<\/p>\n\n\n\n<p>Con el respaldo multitudinario de priistas de la regi\u00f3n istme\u00f1a, Alejandro Avil\u00e9s manifest\u00f3 que las mujeres contar\u00e1n con apoyos econ\u00f3micos y alimentarios que permitan dignificar su calidad de vida y establecer mecanismos para su incorporaci\u00f3n dentro de los programas sociales.<\/p>\n\n\n\n<figure class=\"wp-block-embed\"><div class=\"wp-block-embed__wrapper\">\n<div class=\"twitter-tweet\"><blockquote class=\"twitter-tweet\" data-lang=\"es\"><p lang=\"es\" dir=\"ltr\"><a href=\"https:\/\/twitter.com\/hashtag\/EleccionesOaxaca2022?src=hash&amp;ref_src=twsrc%5Etfw\">#EleccionesOaxaca2022<\/a> <br>El \u201cTriple A\u201d, <a href=\"https:\/\/twitter.com\/_AvilesAlvarez?ref_src=twsrc%5Etfw\">@_AvilesAlvarez<\/a>, contin\u00faa campa\u00f1a por el Istmo. <br>En Santiago Laollaga presenta propuestas <a href=\"https:\/\/twitter.com\/hashtag\/AlTriplePorOaxaca?src=hash&amp;ref_src=twsrc%5Etfw\">#AlTriplePorOaxaca<\/a>. \u201cCuando sea gobernador voy a trabajar todos los d\u00edas para que a las familias del Istmo les alcance para m\u00e1s con la <a href=\"https:\/\/twitter.com\/hashtag\/Tripleta?src=hash&amp;ref_src=twsrc%5Etfw\">#Tripleta<\/a>\u201d, dice. <a href=\"https:\/\/t.co\/SB5uBUe7ga\">pic.twitter.com\/SB5uBUe7ga<\/a><\/p>&mdash; Zona Roja Oaxaca (@ZonaRoja_Oaxaca) <a href=\"https:\/\/twitter.com\/ZonaRoja_Oaxaca\/status\/1525263289466376192?ref_src=twsrc%5Etfw\">13 de mayo de 2022<\/a><\/blockquote><\/div>\n<\/div><\/figure>\n\n\n\n<p>\u00abCon las mujeres los apoyos ser\u00e1n al triple, para las jefas de familia que perdieron su trabajo, recibir\u00e1n un seguro de desempleo por 3 mil pesos hasta por 3 meses. Adem\u00e1s, se les otorgar\u00e1 asesor\u00eda para que encuentren una fuente de ingresos lo m\u00e1s pronto posible&#8217;, remarc\u00f3.<\/p>\n\n\n\n<p>Entre sus compromisos, el \u201cTriple A\u201d adelant\u00f3 que establecer\u00e1 garant\u00edas legales para acabar con los matrimonios forzados con la aplicaci\u00f3n de cero impunidad y cero tolerancia a cualquier tipo de violencia.<\/p>\n\n\n\n<p>\u00abEl gobierno pondr\u00e1 un freno a los feminicidios y dotar\u00e1 de servicios de salud gratuitos para todas las mujeres. Ninguna oaxaque\u00f1a y ning\u00fan oaxaque\u00f1o se quedar\u00e1n sin la atenci\u00f3n de mi gobierno y se abrir\u00e1n las puertas de manera permanente para el di\u00e1logo y la construcci\u00f3n de acuerdos\u00bb, agreg\u00f3.<\/p>\n","protected":false},"excerpt":{"rendered":"<p>Redacci\u00f3n\/Zona Roja. Oaxaca de Ju\u00e1rez, Oax., 14 de mayo de 2022. \u00abEn los pr\u00f3ximos seis&hellip;<\/p>\n","protected":false},"author":2,"featured_media":41178,"comment_status":"closed","ping_status":"open","sticky":false,"template":"","format":"standard","meta":{"_lmt_disableupdate":"","_lmt_disable":"","_jetpack_memberships_contains_paid_content":false,"footnotes":""},"categories":[109,46],"tags":[316],"class_list":["post-41179","post","type-post","status-publish","format-standard","has-post-thumbnail","hentry","category-minuto-a-minuto","category-zona-blanca","tag-alejandro-aviles-alvarez"],"jetpack_featured_media_url":"https:\/\/zonaroja.com.mx\/wp-content\/uploads\/2022\/05\/365ef708-9803-4b93-9fd5-00b4b1a2775e.jpg","jetpack_sharing_enabled":true,"_links":{"self":[{"href":"https:\/\/zonaroja.com.mx\/index.php?rest_route=\/wp\/v2\/posts\/41179","targetHints":{"allow":["GET"]}}],"collection":[{"href":"https:\/\/zonaroja.com.mx\/index.php?rest_route=\/wp\/v2\/posts"}],"about":[{"href":"https:\/\/zonaroja.com.mx\/index.php?rest_route=\/wp\/v2\/types\/post"}],"author":[{"embeddable":true,"href":"https:\/\/zonaroja.com.mx\/index.php?rest_route=\/wp\/v2\/users\/2"}],"replies":[{"embeddable":true,"href":"https:\/\/zonaroja.com.mx\/index.php?rest_route=%2Fwp%2Fv2%2Fcomments&post=41179"}],"version-history":[{"count":1,"href":"https:\/\/zonaroja.com.mx\/index.php?rest_route=\/wp\/v2\/posts\/41179\/revisions"}],"predecessor-version":[{"id":41180,"href":"https:\/\/zonaroja.com.mx\/index.php?rest_route=\/wp\/v2\/posts\/41179\/revisions\/41180"}],"wp:featuredmedia":[{"embeddable":true,"href":"https:\/\/zonaroja.com.mx\/index.php?rest_route=\/wp\/v2\/media\/41178"}],"wp:attachment":[{"href":"https:\/\/zonaroja.com.mx\/index.php?rest_route=%2Fwp%2Fv2%2Fmedia&parent=41179"}],"wp:term":[{"taxonomy":"category","embeddable":true,"href":"https:\/\/zonaroja.com.mx\/index.php?rest_route=%2Fwp%2Fv2%2Fcategories&post=41179"},{"taxonomy":"post_tag","embeddable":true,"href":"https:\/\/zonaroja.com.mx\/index.php?rest_route=%2Fwp%2Fv2%2Ftags&post=41179"}],"curies":[{"name":"wp","href":"https:\/\/api.w.org\/{rel}","templated":true}]}}