{"id":41186,"date":"2022-05-14T18:14:04","date_gmt":"2022-05-14T23:14:04","guid":{"rendered":"http:\/\/www.zonaroja.com.mx\/?p=41186"},"modified":"2022-05-14T18:14:05","modified_gmt":"2022-05-14T23:14:05","slug":"coordinan-esfuerzos-fiscalia-y-asociacion-civil-para-prevenir-violencia","status":"publish","type":"post","link":"https:\/\/zonaroja.com.mx\/?p=41186","title":{"rendered":"Coordinan esfuerzos Fiscal\u00eda y asociaci\u00f3n civil para prevenir violencia"},"content":{"rendered":"\n<p>Redacci\u00f3n\/Zona Roja.<\/p>\n\n\n\n<p>Oaxaca de Ju\u00e1rez, Oax., 14 de mayo de 2022.- La Fiscal\u00eda General del Estado de Oaxaca (FGEO) en colaboraci\u00f3n con la Asociaci\u00f3n de Mujeres de la Costa de Oaxaca A. C. (AMCO), realiz\u00f3 el conversatorio \u201cLideresas\u201d, enfocado en erradicar, prevenir y sancionar la violencia contra las mujeres y en implementar mecanismos de atenci\u00f3n y acceso a la justicia en la regi\u00f3n de la Costa.<\/p>\n\n\n\n<p>Personal de la Vicefiscal\u00eda Regional de la Costa encabez\u00f3 el conversatorio y dieron a conocer el mecanismo que las mujeres deben seguir para interponer una denuncia por violencia ante la Instituci\u00f3n de procuraci\u00f3n de justicia.<\/p>\n\n\n\n<p>Tambi\u00e9n se cont\u00f3 con la participaci\u00f3n de Ver\u00f3nica Caporal, Consultora para la Investigaci\u00f3n e Incidencia Pol\u00edtica, quien imparti\u00f3 taller: \u201cActuaci\u00f3n para la Investigaci\u00f3n de los Delitos hacia la Mujer\u201d.<\/p>\n\n\n\n<p>Asimismo, Ana Karina P\u00e1ez, M\u00e1ster en Terapia Transgeneracional, imparti\u00f3 el taller \u201cSensibilizaci\u00f3n en Perspectiva de G\u00e9nero y Empat\u00eda\u201d, adem\u00e1s de exponer los tipos de violencia de los que una mujer puede ser v\u00edctima y c\u00f3mo afecta al n\u00facleo familiar.<\/p>\n\n\n\n<p>A trav\u00e9s de estas acciones, la Fiscal\u00eda General genera espacios de di\u00e1logo y profesionalizaci\u00f3n en las regiones de la entidad, a fin de combatir la violencia de g\u00e9nero.<\/p>\n\n\n\n<p>(Comunicado)<\/p>\n","protected":false},"excerpt":{"rendered":"<p>Redacci\u00f3n\/Zona Roja. Oaxaca de Ju\u00e1rez, Oax., 14 de mayo de 2022.- La Fiscal\u00eda General del&hellip;<\/p>\n","protected":false},"author":2,"featured_media":41187,"comment_status":"closed","ping_status":"open","sticky":false,"template":"","format":"standard","meta":{"_lmt_disableupdate":"","_lmt_disable":"","_jetpack_memberships_contains_paid_content":false,"footnotes":""},"categories":[109,46],"tags":[494],"class_list":["post-41186","post","type-post","status-publish","format-standard","has-post-thumbnail","hentry","category-minuto-a-minuto","category-zona-blanca","tag-fiscalia-general-del-estado-de-oaxaca"],"jetpack_featured_media_url":"https:\/\/zonaroja.com.mx\/wp-content\/uploads\/2022\/05\/Capacitacion-Fiscalia-y-mujeres-afro.jpg","jetpack_sharing_enabled":true,"_links":{"self":[{"href":"https:\/\/zonaroja.com.mx\/index.php?rest_route=\/wp\/v2\/posts\/41186","targetHints":{"allow":["GET"]}}],"collection":[{"href":"https:\/\/zonaroja.com.mx\/index.php?rest_route=\/wp\/v2\/posts"}],"about":[{"href":"https:\/\/zonaroja.com.mx\/index.php?rest_route=\/wp\/v2\/types\/post"}],"author":[{"embeddable":true,"href":"https:\/\/zonaroja.com.mx\/index.php?rest_route=\/wp\/v2\/users\/2"}],"replies":[{"embeddable":true,"href":"https:\/\/zonaroja.com.mx\/index.php?rest_route=%2Fwp%2Fv2%2Fcomments&post=41186"}],"version-history":[{"count":1,"href":"https:\/\/zonaroja.com.mx\/index.php?rest_route=\/wp\/v2\/posts\/41186\/revisions"}],"predecessor-version":[{"id":41188,"href":"https:\/\/zonaroja.com.mx\/index.php?rest_route=\/wp\/v2\/posts\/41186\/revisions\/41188"}],"wp:featuredmedia":[{"embeddable":true,"href":"https:\/\/zonaroja.com.mx\/index.php?rest_route=\/wp\/v2\/media\/41187"}],"wp:attachment":[{"href":"https:\/\/zonaroja.com.mx\/index.php?rest_route=%2Fwp%2Fv2%2Fmedia&parent=41186"}],"wp:term":[{"taxonomy":"category","embeddable":true,"href":"https:\/\/zonaroja.com.mx\/index.php?rest_route=%2Fwp%2Fv2%2Fcategories&post=41186"},{"taxonomy":"post_tag","embeddable":true,"href":"https:\/\/zonaroja.com.mx\/index.php?rest_route=%2Fwp%2Fv2%2Ftags&post=41186"}],"curies":[{"name":"wp","href":"https:\/\/api.w.org\/{rel}","templated":true}]}}