{"id":41191,"date":"2022-05-14T18:26:17","date_gmt":"2022-05-14T23:26:17","guid":{"rendered":"http:\/\/www.zonaroja.com.mx\/?p=41191"},"modified":"2022-05-14T18:26:18","modified_gmt":"2022-05-14T23:26:18","slug":"anuncian-el-inicio-de-la-preventa-de-boletos-para-la-guelaguetza-2022","status":"publish","type":"post","link":"https:\/\/zonaroja.com.mx\/?p=41191","title":{"rendered":"Anuncian el inicio de la preventa de boletos para la Guelaguetza 2022"},"content":{"rendered":"\n<p>Redacci\u00f3n\/Zona Roja.<\/p>\n\n\n\n<p>Oaxaca de Ju\u00e1rez, Oax., 14 de mayo del 2022.- Este 15 de mayo a partir de las 09:00 horas inicia la preventa de boletos para las presentaciones de los Lunes del Cerro, que se llevar\u00e1n a cabo este 25 de julio y 01 de agosto en el Auditorio Guelaguetza.<\/p>\n\n\n\n<p>La preventa se realizar\u00e1 en l\u00ednea en la plataforma de Superboletos www.superboletos.com y en las taquillas del m\u00f3dulo de la Secretar\u00eda de Turismo ubicado en Avenida Ju\u00e1rez 703, colonia Centro; abiertas hasta agotar existencias.<\/p>\n\n\n\n<p>Es importante se\u00f1alar que solo se vender\u00e1n hasta cuatro boletos por persona, adem\u00e1s que el pago en l\u00ednea y en taquilla deber\u00e1 hacerse solo con tarjeta bancaria Santander.<\/p>\n\n\n\n<p>El Gobierno del Estado inform\u00f3 a trav\u00e9s de la Secretar\u00eda de Turismo (Sectur Oaxaca), que el 15% de las localidades del Auditorio Guelaguetza, que equivale a 2 mil 648 boletos, estar\u00e1n disponibles para esta primera etapa de preventa y el resto podr\u00e1n adquirirse en venta, a partir del 01 de junio.<\/p>\n\n\n\n<p>Asimismo agradece a las y los visitantes nacionales y extranjeros su inter\u00e9s por presenciar la m\u00e1xima fiesta de los oaxaque\u00f1os y les invita a seguir las recomendaciones de compra para la adquisici\u00f3n segura de los accesos a la fiesta \u00e9tnica m\u00e1s importante de Latinoam\u00e9rica.<\/p>\n\n\n\n<p>(Comunicado)<\/p>\n","protected":false},"excerpt":{"rendered":"<p>Redacci\u00f3n\/Zona Roja. Oaxaca de Ju\u00e1rez, Oax., 14 de mayo del 2022.- Este 15 de mayo&hellip;<\/p>\n","protected":false},"author":2,"featured_media":1777,"comment_status":"closed","ping_status":"open","sticky":false,"template":"","format":"standard","meta":{"_lmt_disableupdate":"","_lmt_disable":"","_jetpack_memberships_contains_paid_content":false,"footnotes":""},"categories":[109,46],"tags":[2787],"class_list":["post-41191","post","type-post","status-publish","format-standard","has-post-thumbnail","hentry","category-minuto-a-minuto","category-zona-blanca","tag-guelaguetza-oaxaca"],"jetpack_featured_media_url":"https:\/\/zonaroja.com.mx\/wp-content\/uploads\/2019\/06\/Guelaguetza.jpg","jetpack_sharing_enabled":true,"_links":{"self":[{"href":"https:\/\/zonaroja.com.mx\/index.php?rest_route=\/wp\/v2\/posts\/41191","targetHints":{"allow":["GET"]}}],"collection":[{"href":"https:\/\/zonaroja.com.mx\/index.php?rest_route=\/wp\/v2\/posts"}],"about":[{"href":"https:\/\/zonaroja.com.mx\/index.php?rest_route=\/wp\/v2\/types\/post"}],"author":[{"embeddable":true,"href":"https:\/\/zonaroja.com.mx\/index.php?rest_route=\/wp\/v2\/users\/2"}],"replies":[{"embeddable":true,"href":"https:\/\/zonaroja.com.mx\/index.php?rest_route=%2Fwp%2Fv2%2Fcomments&post=41191"}],"version-history":[{"count":1,"href":"https:\/\/zonaroja.com.mx\/index.php?rest_route=\/wp\/v2\/posts\/41191\/revisions"}],"predecessor-version":[{"id":41192,"href":"https:\/\/zonaroja.com.mx\/index.php?rest_route=\/wp\/v2\/posts\/41191\/revisions\/41192"}],"wp:featuredmedia":[{"embeddable":true,"href":"https:\/\/zonaroja.com.mx\/index.php?rest_route=\/wp\/v2\/media\/1777"}],"wp:attachment":[{"href":"https:\/\/zonaroja.com.mx\/index.php?rest_route=%2Fwp%2Fv2%2Fmedia&parent=41191"}],"wp:term":[{"taxonomy":"category","embeddable":true,"href":"https:\/\/zonaroja.com.mx\/index.php?rest_route=%2Fwp%2Fv2%2Fcategories&post=41191"},{"taxonomy":"post_tag","embeddable":true,"href":"https:\/\/zonaroja.com.mx\/index.php?rest_route=%2Fwp%2Fv2%2Ftags&post=41191"}],"curies":[{"name":"wp","href":"https:\/\/api.w.org\/{rel}","templated":true}]}}