{"id":41193,"date":"2022-05-14T18:32:10","date_gmt":"2022-05-14T23:32:10","guid":{"rendered":"http:\/\/www.zonaroja.com.mx\/?p=41193"},"modified":"2022-05-14T18:32:12","modified_gmt":"2022-05-14T23:32:12","slug":"ejecutan-a-balazos-a-dos-personas-en-la-zona-norte-del-istmo","status":"publish","type":"post","link":"https:\/\/zonaroja.com.mx\/?p=41193","title":{"rendered":"Ejecutan a balazos a dos personas en la zona norte del Istmo"},"content":{"rendered":"\n<p>Redacci\u00f3n\/Zona Roja.<\/p>\n\n\n\n<p>Oaxaca de Ju\u00e1rez, Oax., 14 de mayo de 2022.- Dos personas del sexo masculino fueron ejecutados la tarde de este s\u00e1bado en el ejido Santa Ana, perteneciente al municipio de San Juan Guichicovi, ubicado en la zona norte de la regi\u00f3n del Istmo.<\/p>\n\n\n\n<p>De acuerdo con los primeros reportes policiacos, los hechos ocurrieron alrededor de las 14:00 horas en que hallaron los cuerpos, con disparos de arma de fuego, al parecer de grueso calibre.<\/p>\n\n\n\n<p>Un cad\u00e1ver, a\u00fan no identificado, portaba bermuda color gris, sudadera color azul marino y playera negra, as\u00ed como botas tipo militar.<\/p>\n\n\n\n<p>La otra persona fue identificada como Federico M. A., de aproximadamente 28 a\u00f1os de edad.<\/p>\n\n\n\n<p>Personal de la Agencia Estatal de Investigaciones asignada en Palomares, arrib\u00f3 al lugar de los hechos para iniciar las indagatorias correspondientes.<\/p>\n","protected":false},"excerpt":{"rendered":"<p>Redacci\u00f3n\/Zona Roja. Oaxaca de Ju\u00e1rez, Oax., 14 de mayo de 2022.- Dos personas del sexo&hellip;<\/p>\n","protected":false},"author":2,"featured_media":30407,"comment_status":"closed","ping_status":"open","sticky":false,"template":"","format":"standard","meta":{"_lmt_disableupdate":"","_lmt_disable":"","_jetpack_memberships_contains_paid_content":false,"footnotes":""},"categories":[109,51],"tags":[699],"class_list":["post-41193","post","type-post","status-publish","format-standard","has-post-thumbnail","hentry","category-minuto-a-minuto","category-zona-roja","tag-san-juan-guichicovi"],"jetpack_featured_media_url":"https:\/\/zonaroja.com.mx\/wp-content\/uploads\/2021\/08\/Escena-del-crimen-homicidio-violencia.jpg","jetpack_sharing_enabled":true,"_links":{"self":[{"href":"https:\/\/zonaroja.com.mx\/index.php?rest_route=\/wp\/v2\/posts\/41193","targetHints":{"allow":["GET"]}}],"collection":[{"href":"https:\/\/zonaroja.com.mx\/index.php?rest_route=\/wp\/v2\/posts"}],"about":[{"href":"https:\/\/zonaroja.com.mx\/index.php?rest_route=\/wp\/v2\/types\/post"}],"author":[{"embeddable":true,"href":"https:\/\/zonaroja.com.mx\/index.php?rest_route=\/wp\/v2\/users\/2"}],"replies":[{"embeddable":true,"href":"https:\/\/zonaroja.com.mx\/index.php?rest_route=%2Fwp%2Fv2%2Fcomments&post=41193"}],"version-history":[{"count":1,"href":"https:\/\/zonaroja.com.mx\/index.php?rest_route=\/wp\/v2\/posts\/41193\/revisions"}],"predecessor-version":[{"id":41194,"href":"https:\/\/zonaroja.com.mx\/index.php?rest_route=\/wp\/v2\/posts\/41193\/revisions\/41194"}],"wp:featuredmedia":[{"embeddable":true,"href":"https:\/\/zonaroja.com.mx\/index.php?rest_route=\/wp\/v2\/media\/30407"}],"wp:attachment":[{"href":"https:\/\/zonaroja.com.mx\/index.php?rest_route=%2Fwp%2Fv2%2Fmedia&parent=41193"}],"wp:term":[{"taxonomy":"category","embeddable":true,"href":"https:\/\/zonaroja.com.mx\/index.php?rest_route=%2Fwp%2Fv2%2Fcategories&post=41193"},{"taxonomy":"post_tag","embeddable":true,"href":"https:\/\/zonaroja.com.mx\/index.php?rest_route=%2Fwp%2Fv2%2Ftags&post=41193"}],"curies":[{"name":"wp","href":"https:\/\/api.w.org\/{rel}","templated":true}]}}