{"id":41201,"date":"2022-05-15T07:34:09","date_gmt":"2022-05-15T12:34:09","guid":{"rendered":"http:\/\/www.zonaroja.com.mx\/?p=41201"},"modified":"2022-05-15T07:34:11","modified_gmt":"2022-05-15T12:34:11","slug":"incendios-forestales-en-oaxaca-cada-vez-mas-mortales-otra-victima","status":"publish","type":"post","link":"https:\/\/zonaroja.com.mx\/?p=41201","title":{"rendered":"Incendios forestales en Oaxaca, cada vez m\u00e1s mortales: otra v\u00edctima"},"content":{"rendered":"\n<p>Ismael Garc\u00eda M.\/Zona Roja.<\/p>\n\n\n\n<p>Oaxaca de Ju\u00e1rez, Oax., 15 de mayo de 2022.- En medio de denuncias de falta de pago a combatientes, los incendios forestales se incrementan en Oaxaca&nbsp; y ayer dejaron otra v\u00edctima mortal.<\/p>\n\n\n\n<p>Mientras tanto, la Comisi\u00f3n Estatal Forestal de Oaxaca (Coesfo) opt\u00f3 por no informar acerca del n\u00famero de conflagraciones y las m\u00e1s recientes cifras que reporta son del pasado 11 de mayo, sin proporcionar el n\u00famero de hect\u00e1reas siniestradas.<\/p>\n\n\n\n<p>De acuerdo con pobladores de San Sim\u00f3n Almolongas, un comunero muri\u00f3 en lo alto de un \u00e1rbol, donde pretend\u00eda refugiarse para no ser alcanzado por el fuego.<\/p>\n\n\n\n<p>Se trata de una persona de aproximadamente 45 a\u00f1os de edad, al parecer familiar del presidente municipal, aunque su nombre a\u00fan no ha sido revelado.<\/p>\n\n\n\n<p>En tanto, tambi\u00e9n ayer, pobladores de la comunidad de San Juan Acaltepec, en la regi\u00f3n Sierra Sur, ped\u00edan auxilio a las autoridades estatales y federales para ayudar a combatir un siniestro que amenazaba con llevar a viviendas.<\/p>\n\n\n\n<p>Sin embargo, de manera p\u00fablica no hubo respuesta y anoche compartieron v\u00eda redes sociales que la conflagraci\u00f3n se hab\u00eda extendido.<\/p>\n","protected":false},"excerpt":{"rendered":"<p>Ismael Garc\u00eda M.\/Zona Roja. Oaxaca de Ju\u00e1rez, Oax., 15 de mayo de 2022.- En medio&hellip;<\/p>\n","protected":false},"author":2,"featured_media":41202,"comment_status":"closed","ping_status":"open","sticky":false,"template":"","format":"standard","meta":{"_lmt_disableupdate":"","_lmt_disable":"","_jetpack_memberships_contains_paid_content":false,"footnotes":""},"categories":[109,51],"tags":[],"class_list":["post-41201","post","type-post","status-publish","format-standard","has-post-thumbnail","hentry","category-minuto-a-minuto","category-zona-roja"],"jetpack_featured_media_url":"https:\/\/zonaroja.com.mx\/wp-content\/uploads\/2022\/05\/Incendios-forestales.jpeg","jetpack_sharing_enabled":true,"_links":{"self":[{"href":"https:\/\/zonaroja.com.mx\/index.php?rest_route=\/wp\/v2\/posts\/41201","targetHints":{"allow":["GET"]}}],"collection":[{"href":"https:\/\/zonaroja.com.mx\/index.php?rest_route=\/wp\/v2\/posts"}],"about":[{"href":"https:\/\/zonaroja.com.mx\/index.php?rest_route=\/wp\/v2\/types\/post"}],"author":[{"embeddable":true,"href":"https:\/\/zonaroja.com.mx\/index.php?rest_route=\/wp\/v2\/users\/2"}],"replies":[{"embeddable":true,"href":"https:\/\/zonaroja.com.mx\/index.php?rest_route=%2Fwp%2Fv2%2Fcomments&post=41201"}],"version-history":[{"count":1,"href":"https:\/\/zonaroja.com.mx\/index.php?rest_route=\/wp\/v2\/posts\/41201\/revisions"}],"predecessor-version":[{"id":41203,"href":"https:\/\/zonaroja.com.mx\/index.php?rest_route=\/wp\/v2\/posts\/41201\/revisions\/41203"}],"wp:featuredmedia":[{"embeddable":true,"href":"https:\/\/zonaroja.com.mx\/index.php?rest_route=\/wp\/v2\/media\/41202"}],"wp:attachment":[{"href":"https:\/\/zonaroja.com.mx\/index.php?rest_route=%2Fwp%2Fv2%2Fmedia&parent=41201"}],"wp:term":[{"taxonomy":"category","embeddable":true,"href":"https:\/\/zonaroja.com.mx\/index.php?rest_route=%2Fwp%2Fv2%2Fcategories&post=41201"},{"taxonomy":"post_tag","embeddable":true,"href":"https:\/\/zonaroja.com.mx\/index.php?rest_route=%2Fwp%2Fv2%2Ftags&post=41201"}],"curies":[{"name":"wp","href":"https:\/\/api.w.org\/{rel}","templated":true}]}}