{"id":41204,"date":"2022-05-15T08:06:05","date_gmt":"2022-05-15T13:06:05","guid":{"rendered":"http:\/\/www.zonaroja.com.mx\/?p=41204"},"modified":"2022-05-15T08:06:06","modified_gmt":"2022-05-15T13:06:06","slug":"salomon-jara-se-dice-listo-para-debatir-con-contrincantes-este-domingo","status":"publish","type":"post","link":"https:\/\/zonaroja.com.mx\/?p=41204","title":{"rendered":"Salom\u00f3n Jara se dice listo para debatir con contrincantes, este domingo"},"content":{"rendered":"\n<p>Redacci\u00f3n\/Zona Roja.<\/p>\n\n\n\n<p>Oaxaca de Ju\u00e1rez, Oax., 15 de mayo de 2022.- Previo al debate p\u00fablico entre candidatos al Gobierno del Estado, organizado por el Instituto Estatal Electoral y de Participaci\u00f3n Ciudadana de Oaxaca (IEEPCO), la ciudadan\u00eda se volc\u00f3 a favor del candidato de la coalici\u00f3n \u201cJuntos Hacemos Historia en Oaxaca\u201d, Salom\u00f3n Jara Cruz; fortalecido por las muestras de apoyo de las y los habitantes de m\u00e1s de 137 municipios, adem\u00e1s de la suma de distintos dirigentes y l\u00edderes sociales en las diversas regiones de Oaxaca.<\/p>\n\n\n\n<p>Adicional a que, Jara Cruz sigue incrementando su preferencia entre el electorado oaxaque\u00f1o, de acuerdo a m\u00e1s de una docena de empresas encuestadoras de talla nacional.&nbsp;<\/p>\n\n\n\n<p>Luego de visitar m\u00e1s de una centena de comunidades de todo el estado, donde sus habitantes se han unido al proyecto pol\u00edtico que encabeza el candidato de la coalici\u00f3n \u201cJuntos Hacemos Historia en Oaxaca\u201d, morenistas visualizan cada vez m\u00e1s cerca el primer gobierno emanado del pueblo, que trabajar\u00e1 en territorio y no desde un escritorio.&nbsp;<\/p>\n\n\n\n<p>Durante su recorrido en las agencias municipales de Guadalupe Victoria y Dolores, en el municipio de Oaxaca de Ju\u00e1rez, y Esquipulas, en la demarcaci\u00f3n de Santa Cruz Xoxocotl\u00e1n, sus habitantes respondieron al llamado de unidad realizado por Jara Cruz.&nbsp;<\/p>\n\n\n\n<p>El candidato de la esperanza asegur\u00f3 que \u201camor con amor se paga\u201d, por lo que todo el respaldo mostrado por los pueblos y comunidades ser\u00e1 correspondido por un gobierno honesto, austero, que camine y gobierne del lado de los y las oaxaque\u00f1as.&nbsp;<\/p>\n\n\n\n<p>Asimismo, convoc\u00f3 a sumarse al proyecto de la 4T, para lograr que despu\u00e9s de este 5 de junio se destierre a los malos gobiernos que por a\u00f1os han saqueado a Oaxaca y hundido en la marginaci\u00f3n al pueblo, \u201cvengo de abajo no les voy a fallar\u201d , concluy\u00f3 Jara.<\/p>\n","protected":false},"excerpt":{"rendered":"<p>Redacci\u00f3n\/Zona Roja. Oaxaca de Ju\u00e1rez, Oax., 15 de mayo de 2022.- Previo al debate p\u00fablico&hellip;<\/p>\n","protected":false},"author":2,"featured_media":41205,"comment_status":"closed","ping_status":"open","sticky":false,"template":"","format":"standard","meta":{"_lmt_disableupdate":"","_lmt_disable":"","_jetpack_memberships_contains_paid_content":false,"footnotes":""},"categories":[109,46],"tags":[939],"class_list":["post-41204","post","type-post","status-publish","format-standard","has-post-thumbnail","hentry","category-minuto-a-minuto","category-zona-blanca","tag-salomon-jara-cruz"],"jetpack_featured_media_url":"https:\/\/zonaroja.com.mx\/wp-content\/uploads\/2022\/05\/Salomon-Jara-ciudad-de-Oaxaca.jpeg","jetpack_sharing_enabled":true,"_links":{"self":[{"href":"https:\/\/zonaroja.com.mx\/index.php?rest_route=\/wp\/v2\/posts\/41204","targetHints":{"allow":["GET"]}}],"collection":[{"href":"https:\/\/zonaroja.com.mx\/index.php?rest_route=\/wp\/v2\/posts"}],"about":[{"href":"https:\/\/zonaroja.com.mx\/index.php?rest_route=\/wp\/v2\/types\/post"}],"author":[{"embeddable":true,"href":"https:\/\/zonaroja.com.mx\/index.php?rest_route=\/wp\/v2\/users\/2"}],"replies":[{"embeddable":true,"href":"https:\/\/zonaroja.com.mx\/index.php?rest_route=%2Fwp%2Fv2%2Fcomments&post=41204"}],"version-history":[{"count":1,"href":"https:\/\/zonaroja.com.mx\/index.php?rest_route=\/wp\/v2\/posts\/41204\/revisions"}],"predecessor-version":[{"id":41206,"href":"https:\/\/zonaroja.com.mx\/index.php?rest_route=\/wp\/v2\/posts\/41204\/revisions\/41206"}],"wp:featuredmedia":[{"embeddable":true,"href":"https:\/\/zonaroja.com.mx\/index.php?rest_route=\/wp\/v2\/media\/41205"}],"wp:attachment":[{"href":"https:\/\/zonaroja.com.mx\/index.php?rest_route=%2Fwp%2Fv2%2Fmedia&parent=41204"}],"wp:term":[{"taxonomy":"category","embeddable":true,"href":"https:\/\/zonaroja.com.mx\/index.php?rest_route=%2Fwp%2Fv2%2Fcategories&post=41204"},{"taxonomy":"post_tag","embeddable":true,"href":"https:\/\/zonaroja.com.mx\/index.php?rest_route=%2Fwp%2Fv2%2Ftags&post=41204"}],"curies":[{"name":"wp","href":"https:\/\/api.w.org\/{rel}","templated":true}]}}