{"id":41209,"date":"2022-05-15T10:15:00","date_gmt":"2022-05-15T15:15:00","guid":{"rendered":"http:\/\/www.zonaroja.com.mx\/?p=41209"},"modified":"2022-05-15T08:22:25","modified_gmt":"2022-05-15T13:22:25","slug":"joven-de-18-anos-quien-perpetro-el-ataque-en-ny-con-saldo-de-10-muertos","status":"publish","type":"post","link":"https:\/\/zonaroja.com.mx\/?p=41209","title":{"rendered":"Joven de 18 a\u00f1os, quien perpetr\u00f3 el ataque en NY, con saldo de 10 muertos"},"content":{"rendered":"\n<p>Redacci\u00f3n\/Zona Roja Cdmx.<\/p>\n\n\n\n<p>Ciudad de M\u00e9xico, 15 de mayo de 2022.- Un joven blanco de 18 a\u00f1os, fuertemente armado, mat\u00f3 ayer a tiros a 10 personas en una tienda de B\u00fafalo, Nueva York, en un ataque \u201cpor motivos raciales\u201d que transmiti\u00f3 en directo, dijeron autoridades.<\/p>\n\n\n\n<p>\u201cAproximadamente a las 2:30 de hoy (hora local), un individuo que, seg\u00fan el alcalde, no es de esta \u00e1rea y est\u00e1 a horas de distancia, condujo hasta B\u00fafalo y fue al supermercado Tops. Sali\u00f3 de su veh\u00edculo, estaba muy fuertemente armado, ten\u00eda equipo t\u00e1ctico. Ten\u00eda puesto un casco t\u00e1ctico. Ten\u00eda una c\u00e1mara que estaba transmitiendo en vivo lo que estaba haciendo\u201d, detall\u00f3 el comisionado de Polic\u00eda de B\u00fafalo, Joseph Gramaglia.<\/p>\n\n\n\n<p>Inform\u00f3 que 10 personas murieron y tres resultaron heridas. Once de las v\u00edctimas eran negras.<\/p>\n\n\n\n<p>El atacante dispar\u00f3 primero en el estacionamiento del supermercado contra cuatro personas, tres de las cuales murieron, y luego entr\u00f3 al local y sigui\u00f3 disparando, dijo el comisario de esta ciudad al oeste de Nueva York.<\/p>\n\n\n\n<p>Entre los muertos dentro de la tienda se cuenta un polic\u00eda retirado que trabajaba como guardia de seguridad armado.<\/p>\n\n\n\n<p>El guardia \u201cenfrent\u00f3 al sospechoso, hizo m\u00faltiples disparos\u201d, pero el pistolero \u2014que estaba&nbsp;protegido por un chaleco antibalas\u2014 lo abati\u00f3 a tiros, dijo Gramaglia.<\/p>\n\n\n\n<p>El tiroteo est\u00e1 siendo investigado como un crimen de odio, dijo a la prensa Stephen Belongia, agente especial de la oficina del FBI en B\u00fafalo.<\/p>\n\n\n\n<p>\u201cInvestigamos este incidente como un crimen de odio y un caso de violencia de extremismo racista\u201d, dijo a la prensa Belongia.<\/p>\n\n\n\n<p>Fue un acto de \u201cpura maldad\u201d, dijo John Garc\u00eda, sheriff del condado de Erie, donde se encuentra B\u00fafalo.<\/p>\n\n\n\n<p>El presidente Joe Biden fue informado del \u201chorrible tiroteo\u201d, dijo la secretaria de prensa de la Casa Blanca, Karine Jean-Pierre.<\/p>\n\n\n\n<p>El presidente y la primera dama est\u00e1n rezando por los fallecidos y sus seres queridos\u201d, a\u00f1adi\u00f3.<\/p>\n\n\n\n<p>El asalto ocurri\u00f3 un a\u00f1o despu\u00e9s de un tiroteo en marzo de 2021 en un supermercado King Soopers en Boulder, Colorado, que dej\u00f3 10 muertos.<\/p>\n\n\n\n<p>La gobernadora de Nueva York, Kathy Hochul, tuite\u00f3 que estaba \u201csiguiendo de cerca el tiroteo en una tienda de comestibles en B\u00fafalo\u201d.<\/p>\n\n\n\n<p>Agreg\u00f3: \u201cHemos ofrecido asistencia a los funcionarios locales. Si se encuentra en B\u00fafalo, evite el \u00e1rea y siga las instrucciones de las fuerzas del orden y los funcionarios locales\u201d.<\/p>\n\n\n\n<p>SIN REPORTE DE V\u00cdCTIMAS MEXICANAS<\/p>\n\n\n\n<p>El secretario de Relaciones Exteriores de M\u00e9xico, Marcelo Ebrard, inform\u00f3 que no hab\u00eda connacionales entre los muertos o heridos durante el tiroteo en B\u00fafalo.<\/p>\n\n\n\n<p>\u201cMe informa nuestro c\u00f3nsul en Nueva York que no hay ning\u00fan connacional entre las v\u00edctimas del tiroteo de esta ma\u00f1ana\u201d, public\u00f3 el canciller en Twitter.<\/p>\n\n\n\n<p>Nuestras condolencias con los afectados en esta terrible tragedia que, de nuevo, pone sobre la mesa la necesidad urgente de restringir la disponibilidad de armas\u201d, agreg\u00f3.<\/p>\n\n\n\n<p>(Con informaci\u00f3n de AFP, en \u201cExc\u00e9lsior\u201d)<\/p>\n","protected":false},"excerpt":{"rendered":"<p>Redacci\u00f3n\/Zona Roja Cdmx. Ciudad de M\u00e9xico, 15 de mayo de 2022.- Un joven blanco de&hellip;<\/p>\n","protected":false},"author":2,"featured_media":41210,"comment_status":"closed","ping_status":"open","sticky":false,"template":"","format":"standard","meta":{"_lmt_disableupdate":"","_lmt_disable":"","_jetpack_memberships_contains_paid_content":false,"footnotes":""},"categories":[109,51],"tags":[3136],"class_list":["post-41209","post","type-post","status-publish","format-standard","has-post-thumbnail","hentry","category-minuto-a-minuto","category-zona-roja","tag-bufalo-nueva-york"],"jetpack_featured_media_url":"https:\/\/zonaroja.com.mx\/wp-content\/uploads\/2022\/05\/Ataque-armado-Bufalo-NY.webp","jetpack_sharing_enabled":true,"_links":{"self":[{"href":"https:\/\/zonaroja.com.mx\/index.php?rest_route=\/wp\/v2\/posts\/41209","targetHints":{"allow":["GET"]}}],"collection":[{"href":"https:\/\/zonaroja.com.mx\/index.php?rest_route=\/wp\/v2\/posts"}],"about":[{"href":"https:\/\/zonaroja.com.mx\/index.php?rest_route=\/wp\/v2\/types\/post"}],"author":[{"embeddable":true,"href":"https:\/\/zonaroja.com.mx\/index.php?rest_route=\/wp\/v2\/users\/2"}],"replies":[{"embeddable":true,"href":"https:\/\/zonaroja.com.mx\/index.php?rest_route=%2Fwp%2Fv2%2Fcomments&post=41209"}],"version-history":[{"count":1,"href":"https:\/\/zonaroja.com.mx\/index.php?rest_route=\/wp\/v2\/posts\/41209\/revisions"}],"predecessor-version":[{"id":41211,"href":"https:\/\/zonaroja.com.mx\/index.php?rest_route=\/wp\/v2\/posts\/41209\/revisions\/41211"}],"wp:featuredmedia":[{"embeddable":true,"href":"https:\/\/zonaroja.com.mx\/index.php?rest_route=\/wp\/v2\/media\/41210"}],"wp:attachment":[{"href":"https:\/\/zonaroja.com.mx\/index.php?rest_route=%2Fwp%2Fv2%2Fmedia&parent=41209"}],"wp:term":[{"taxonomy":"category","embeddable":true,"href":"https:\/\/zonaroja.com.mx\/index.php?rest_route=%2Fwp%2Fv2%2Fcategories&post=41209"},{"taxonomy":"post_tag","embeddable":true,"href":"https:\/\/zonaroja.com.mx\/index.php?rest_route=%2Fwp%2Fv2%2Ftags&post=41209"}],"curies":[{"name":"wp","href":"https:\/\/api.w.org\/{rel}","templated":true}]}}