{"id":4121,"date":"2019-09-19T21:05:51","date_gmt":"2019-09-20T02:05:51","guid":{"rendered":"http:\/\/www.zonaroja.com.mx\/?p=4121"},"modified":"2019-09-19T21:07:44","modified_gmt":"2019-09-20T02:07:44","slug":"jueves-fatal-dos-asesinados-de-bala-un-herido-y-un-asalto-a-joyeria","status":"publish","type":"post","link":"https:\/\/zonaroja.com.mx\/?p=4121","title":{"rendered":"Jueves fatal: dos asesinados de bala, un herido y un asalto a joyer\u00eda"},"content":{"rendered":"\n<p>Redacci\u00f3n\/Zona\nRoja.<\/p>\n\n\n\n<p>Oaxaca de\nJu\u00e1rez, Oax., 19 de septiembre de 2019.- Oaxaca vivi\u00f3 otra jornada violenta,\ncon al menos dos personas asesinadas a balazos, un herido y un asalto armado en\nlas \u00faltimas horas de ayer y durante este jueves.<\/p>\n\n\n\n<p>Mientras\ntanto, fuentes de la Secretar\u00eda de Seguridad P\u00fablica confirmaron un\nenfrentamiento armado en la comunidad de San Antonio Lalana, del municipio de\nSan Pablo Coatl\u00e1n, regi\u00f3n Sierra Sur del estado, con saldo preliminar de varias\npersonas heridas.<\/p>\n\n\n\n<p>En Salina\nCruz, la tarde de este jueves un individuo fue ejecutado con disparos arma de fuego\nen la calle \u00c1lvaro Obreg\u00f3n esquina con Alvarado, de la colonia Deportiva Sur.<\/p>\n\n\n\n<p>La v\u00edctima\nfue identificada como Gilberto T., de 46 a\u00f1os de edad, conocido como \u201cBeto Pus\u201d,\ny hasta el momento se desconoce al o los agresores y no hay personas detenidas.<\/p>\n\n\n\n<p>Este jueves\ntambi\u00e9n sujetos armados asaltaron una joyer\u00eda ubicada en el callej\u00f3n El Encanto\nde la S\u00e9ptima Secci\u00f3n de Juchit\u00e1n de Zaragoza.<\/p>\n\n\n\n<p>A la v\u00edctima\nle quitaron joyas, dinero en efectivo, tel\u00e9fono celular y otras pertenencias;\nlos presuntos delincuentes huyeron en una unidad de motor.<\/p>\n\n\n\n<p>En tanto que\nen Pinotepa Nacional, municipio de la regi\u00f3n Costa, una persona del sexo\nmasculino fue atacada a balazos, en la colonia 20 de Noviembre. El hombre, a\u00fan\nno identificado, fue trasladado a un hospital.<\/p>\n\n\n\n<p>Y anoche, en\nla localidad de Aguacatitla, del municipio de Mazatl\u00e1n Villa de Flores, de la\nregi\u00f3n Ca\u00f1ada del estado, fue asesinado un individuo, identificado como M\u00e1ximo\nS\u00e1nchez Mar\u00edn, de 62 a\u00f1os de edad.<\/p>\n\n\n\n<p>Hasta el\nmomento, en este como en los dem\u00e1s casos de violencia ocurridos en las \u00faltimas\nhoras, no hay personas detenidas.<\/p>\n","protected":false},"excerpt":{"rendered":"<p>Redacci\u00f3n\/Zona Roja. Oaxaca de Ju\u00e1rez, Oax., 19 de septiembre de 2019.- Oaxaca vivi\u00f3 otra jornada&hellip;<\/p>\n","protected":false},"author":2,"featured_media":4124,"comment_status":"closed","ping_status":"open","sticky":false,"template":"","format":"standard","meta":{"_lmt_disableupdate":"","_lmt_disable":"","_jetpack_memberships_contains_paid_content":false,"footnotes":""},"categories":[109,51],"tags":[168],"class_list":["post-4121","post","type-post","status-publish","format-standard","has-post-thumbnail","hentry","category-minuto-a-minuto","category-zona-roja","tag-salina-cruz"],"jetpack_featured_media_url":"https:\/\/zonaroja.com.mx\/wp-content\/uploads\/2019\/09\/06460a8f-059d-4e33-8383-be04686f8e27.jpg","jetpack_sharing_enabled":true,"_links":{"self":[{"href":"https:\/\/zonaroja.com.mx\/index.php?rest_route=\/wp\/v2\/posts\/4121","targetHints":{"allow":["GET"]}}],"collection":[{"href":"https:\/\/zonaroja.com.mx\/index.php?rest_route=\/wp\/v2\/posts"}],"about":[{"href":"https:\/\/zonaroja.com.mx\/index.php?rest_route=\/wp\/v2\/types\/post"}],"author":[{"embeddable":true,"href":"https:\/\/zonaroja.com.mx\/index.php?rest_route=\/wp\/v2\/users\/2"}],"replies":[{"embeddable":true,"href":"https:\/\/zonaroja.com.mx\/index.php?rest_route=%2Fwp%2Fv2%2Fcomments&post=4121"}],"version-history":[{"count":1,"href":"https:\/\/zonaroja.com.mx\/index.php?rest_route=\/wp\/v2\/posts\/4121\/revisions"}],"predecessor-version":[{"id":4122,"href":"https:\/\/zonaroja.com.mx\/index.php?rest_route=\/wp\/v2\/posts\/4121\/revisions\/4122"}],"wp:featuredmedia":[{"embeddable":true,"href":"https:\/\/zonaroja.com.mx\/index.php?rest_route=\/wp\/v2\/media\/4124"}],"wp:attachment":[{"href":"https:\/\/zonaroja.com.mx\/index.php?rest_route=%2Fwp%2Fv2%2Fmedia&parent=4121"}],"wp:term":[{"taxonomy":"category","embeddable":true,"href":"https:\/\/zonaroja.com.mx\/index.php?rest_route=%2Fwp%2Fv2%2Fcategories&post=4121"},{"taxonomy":"post_tag","embeddable":true,"href":"https:\/\/zonaroja.com.mx\/index.php?rest_route=%2Fwp%2Fv2%2Ftags&post=4121"}],"curies":[{"name":"wp","href":"https:\/\/api.w.org\/{rel}","templated":true}]}}